{"id":162292,"date":"2024-08-28T13:41:38","date_gmt":"2024-08-28T16:41:38","guid":{"rendered":"https:\/\/corrientesdetarde.com\/?p=162292"},"modified":"2024-08-28T13:41:42","modified_gmt":"2024-08-28T16:41:42","slug":"llega-el-mes-de-la-juventud-queremos-que-los-jovenes-tengan-las-oportunidades-que-merecen","status":"publish","type":"post","link":"https:\/\/corrientesdetarde.com\/index.php\/sociales\/llega-el-mes-de-la-juventud-queremos-que-los-jovenes-tengan-las-oportunidades-que-merecen\/","title":{"rendered":"Llega el Mes de la Juventud: \u201cQueremos que los j\u00f3venes tengan las oportunidades que merecen\u201d"},"content":{"rendered":"\n<p><em>La Municipalidad propone durante septiembre una serie especial de actividades pensadas para que los j\u00f3venes elijan Corrientes para disfrutar, emprender, aprender y trabajar. Durante todo el mes habr\u00e1 una variada agenda con m\u00faltiples opciones gratuitas pensada para ellos. Una de las principales, la Expo Joven, comienza el d\u00eda 25.<br>&nbsp;<\/em><\/p>\n\n\n\n<p>Septiembre es sin\u00f3nimo de florecer, desarrollo y juventud, en cuyo marco la Municipalidad de la ciudad de Corrientes presentar\u00e1 una serie de actividades gratuitas para las y los j\u00f3venes. La agenda municipal para el Mes de la Juventud est\u00e1 repleta de eventos especiales que presentan ofertas para disfrutar, emprender, aprender y trabajar en Corrientes.<br>\u201cQueremos que los j\u00f3venes tengan las oportunidades que merecen\u201d, dijo al respecto el intendente Eduardo Tassano, reafirmando la vocaci\u00f3n de ofrecer alternativas a la juventud para quedarse y desarrollarse personal y profesionalmente en su ciudad.<br>La propuesta municipal contempla espacios totalmente dispuestos para chicos y chicas donde adem\u00e1s podr\u00e1n disfrutar de eventos deportivos, culturales, l\u00fadicos y creativos.<br>Tambi\u00e9n, el Municipio prepara junto con la Provincia la tercera edici\u00f3n de la Expo Joven a realizarse en la ciudad el 25, 26 y 27 de septiembre, donde los j\u00f3venes podr\u00e1n exponer sus manifestaciones culturales, emprendimientos y encontrar adem\u00e1s capacitaciones en el \u00e1mbito profesional con el objetivo de que elijan a Corrientes para seguir desarroll\u00e1ndose, trabajar y vivir.<br>Todo el programa detallado de las actividades organizadas para este mes se podr\u00e1 consultar en la p\u00e1gina web de la Municipalidad, en:&nbsp;<a href=\"http:\/\/ciudaddecorrientes.gov.ar\/mesdelajuventud\" target=\"_blank\" rel=\"noreferrer noopener\">ciudaddecorrientes.gov.ar\/mesdelajuventud<\/a>.<br><br>ACTIVIDADES<br>En resumen, el Mes de la Juventud tendr\u00e1 su apertura el domingo 1 de septiembre, en el parque Camb\u00e1 Cu\u00e1 a partir de las 17, con una intensa jornada de actividades y muestras culturales.<br>Durante el mes habr\u00e1 concursos de cuidado ambiental, promoci\u00f3n del turismo, capacitaciones, feria de artesanos y un especial recorrido guiado por la ciudad.<br>Adem\u00e1s, estar\u00e1n las Maratones Barriales y la mascotera, la feria de Artesanos, Patio Cervecero, el Hanami Fest y un masivo Torneo de Taekwondo en el Club de Regatas Corrientes.<br>Tambi\u00e9n estar\u00e1 la 4ta edici\u00f3n de \u201cCorrientes al Lienzo\u201d, evento que impulsa a los j\u00f3venes artistas visuales y pl\u00e1sticos de la ciudad, y el programa \u201cEmprende en tu barrio\u201d, que promueve el desarrollo econ\u00f3mico en los barrios de la ciudad.<br>Cerrando el mes, realizar\u00e1n cicloturismo por la reserva Laguna Brava<br><br>EXPO JOVEN<br>Uno de los puntos centrales del programa del Mes de la Juventud ser\u00e1 la tercera Expo Joven, que se desarrollar\u00e1 el 25, 26 y 27 de septiembre. Junto con la Provincia, la Ciudad presenta las oportunidades que Corrientes ofrece a su juventud a partir de sus diferentes ejes tem\u00e1ticos \u201cElijo Corrientes para Estudiar\u201d, \u201cElijo Corrientes para Trabajar\u201d, \u201cElijo Corrientes para Emprender\u201d y \u201cElijo Corrientes para Disfrutar\u201d.<\/p>\n\n\n\n<figure class=\"wp-block-image size-large\"><img loading=\"lazy\" decoding=\"async\" width=\"1024\" height=\"682\" src=\"https:\/\/corrientesdetarde.com\/wp-content\/uploads\/2024\/08\/image-905-1024x682.png\" alt=\"\" class=\"wp-image-162293\" srcset=\"https:\/\/corrientesdetarde.com\/wp-content\/uploads\/2024\/08\/image-905-1024x682.png 1024w, https:\/\/corrientesdetarde.com\/wp-content\/uploads\/2024\/08\/image-905-300x200.png 300w, https:\/\/corrientesdetarde.com\/wp-content\/uploads\/2024\/08\/image-905-768x512.png 768w, https:\/\/corrientesdetarde.com\/wp-content\/uploads\/2024\/08\/image-905.png 1280w\" sizes=\"auto, (max-width: 1024px) 100vw, 1024px\" \/><\/figure>\n\n\n\n<figure class=\"wp-block-image size-full\"><img loading=\"lazy\" decoding=\"async\" width=\"848\" height=\"565\" src=\"https:\/\/corrientesdetarde.com\/wp-content\/uploads\/2024\/08\/image-907.png\" alt=\"\" class=\"wp-image-162295\" srcset=\"https:\/\/corrientesdetarde.com\/wp-content\/uploads\/2024\/08\/image-907.png 848w, https:\/\/corrientesdetarde.com\/wp-content\/uploads\/2024\/08\/image-907-300x200.png 300w, https:\/\/corrientesdetarde.com\/wp-content\/uploads\/2024\/08\/image-907-768x512.png 768w\" sizes=\"auto, (max-width: 848px) 100vw, 848px\" \/><\/figure>\n\n\n\n<figure class=\"wp-block-image size-full\"><img loading=\"lazy\" decoding=\"async\" width=\"848\" height=\"565\" src=\"https:\/\/corrientesdetarde.com\/wp-content\/uploads\/2024\/08\/image-908.png\" alt=\"\" class=\"wp-image-162296\" srcset=\"https:\/\/corrientesdetarde.com\/wp-content\/uploads\/2024\/08\/image-908.png 848w, https:\/\/corrientesdetarde.com\/wp-content\/uploads\/2024\/08\/image-908-300x200.png 300w, https:\/\/corrientesdetarde.com\/wp-content\/uploads\/2024\/08\/image-908-768x512.png 768w\" sizes=\"auto, (max-width: 848px) 100vw, 848px\" \/><\/figure>\n\n\n\n<figure class=\"wp-block-image size-full\"><img loading=\"lazy\" decoding=\"async\" width=\"848\" height=\"565\" src=\"https:\/\/corrientesdetarde.com\/wp-content\/uploads\/2024\/08\/image-909.png\" alt=\"\" class=\"wp-image-162297\" srcset=\"https:\/\/corrientesdetarde.com\/wp-content\/uploads\/2024\/08\/image-909.png 848w, https:\/\/corrientesdetarde.com\/wp-content\/uploads\/2024\/08\/image-909-300x200.png 300w, https:\/\/corrientesdetarde.com\/wp-content\/uploads\/2024\/08\/image-909-768x512.png 768w\" sizes=\"auto, (max-width: 848px) 100vw, 848px\" \/><\/figure>\n\n\n\n<figure class=\"wp-block-image size-full\"><img loading=\"lazy\" decoding=\"async\" width=\"848\" height=\"565\" src=\"https:\/\/corrientesdetarde.com\/wp-content\/uploads\/2024\/08\/image-910.png\" alt=\"\" class=\"wp-image-162298\" srcset=\"https:\/\/corrientesdetarde.com\/wp-content\/uploads\/2024\/08\/image-910.png 848w, https:\/\/corrientesdetarde.com\/wp-content\/uploads\/2024\/08\/image-910-300x200.png 300w, https:\/\/corrientesdetarde.com\/wp-content\/uploads\/2024\/08\/image-910-768x512.png 768w\" sizes=\"auto, (max-width: 848px) 100vw, 848px\" \/><\/figure>\n\n\n\n<figure class=\"wp-block-image\"><img decoding=\"async\" src=\"blob:https:\/\/corrientesdetarde.com\/bcb45c48-e43f-4eb1-a150-09d5e96c38e3\" alt=\"\"\/><\/figure>\n","protected":false},"excerpt":{"rendered":"<p>La Municipalidad propone durante septiembre una serie especial de actividades pensadas para que los j\u00f3venes elijan Corrientes para disfrutar, emprender, aprender y trabajar. Durante todo el mes habr\u00e1 una variada&hellip; <\/p>\n","protected":false},"author":8,"featured_media":162294,"comment_status":"closed","ping_status":"open","sticky":false,"template":"","format":"standard","meta":{"footnotes":""},"categories":[17],"tags":[],"class_list":["post-162292","post","type-post","status-publish","format-standard","has-post-thumbnail","hentry","category-sociales"],"_links":{"self":[{"href":"https:\/\/corrientesdetarde.com\/index.php\/wp-json\/wp\/v2\/posts\/162292","targetHints":{"allow":["GET"]}}],"collection":[{"href":"https:\/\/corrientesdetarde.com\/index.php\/wp-json\/wp\/v2\/posts"}],"about":[{"href":"https:\/\/corrientesdetarde.com\/index.php\/wp-json\/wp\/v2\/types\/post"}],"author":[{"embeddable":true,"href":"https:\/\/corrientesdetarde.com\/index.php\/wp-json\/wp\/v2\/users\/8"}],"replies":[{"embeddable":true,"href":"https:\/\/corrientesdetarde.com\/index.php\/wp-json\/wp\/v2\/comments?post=162292"}],"version-history":[{"count":1,"href":"https:\/\/corrientesdetarde.com\/index.php\/wp-json\/wp\/v2\/posts\/162292\/revisions"}],"predecessor-version":[{"id":162299,"href":"https:\/\/corrientesdetarde.com\/index.php\/wp-json\/wp\/v2\/posts\/162292\/revisions\/162299"}],"wp:featuredmedia":[{"embeddable":true,"href":"https:\/\/corrientesdetarde.com\/index.php\/wp-json\/wp\/v2\/media\/162294"}],"wp:attachment":[{"href":"https:\/\/corrientesdetarde.com\/index.php\/wp-json\/wp\/v2\/media?parent=162292"}],"wp:term":[{"taxonomy":"category","embeddable":true,"href":"https:\/\/corrientesdetarde.com\/index.php\/wp-json\/wp\/v2\/categories?post=162292"},{"taxonomy":"post_tag","embeddable":true,"href":"https:\/\/corrientesdetarde.com\/index.php\/wp-json\/wp\/v2\/tags?post=162292"}],"curies":[{"name":"wp","href":"https:\/\/api.w.org\/{rel}","templated":true}]}}