{"id":162414,"date":"2024-08-29T00:11:21","date_gmt":"2024-08-29T03:11:21","guid":{"rendered":"https:\/\/corrientesdetarde.com\/?p=162414"},"modified":"2024-08-29T00:11:32","modified_gmt":"2024-08-29T03:11:32","slug":"dictaron-la-prision-preventiva-para-soto-por-el-femicidio-de-carolina-gutierrez","status":"publish","type":"post","link":"https:\/\/corrientesdetarde.com\/index.php\/policiales\/dictaron-la-prision-preventiva-para-soto-por-el-femicidio-de-carolina-gutierrez\/","title":{"rendered":"Dictaron la prisi\u00f3n preventiva para Soto por el femicidio de Carolina Guti\u00e9rrez"},"content":{"rendered":"\n<p>El joven hab\u00eda estrangulado a su amiga el mes pasado en la ciudad de C\u00f3rdoba.<\/p>\n\n\n\n<p>La justicia dict\u00f3 este mi\u00e9rcoles la prisi\u00f3n preventiva contra&nbsp;<strong>N\u00e9stor Aguilar Soto&nbsp;<\/strong>por el asesinato de la joven&nbsp;<strong>Carolina Guti\u00e9rrez,&nbsp;<\/strong>perpetrado el mes pasado en la ciudad de C\u00f3rdoba.<\/p>\n\n\n\n<p>El fiscal de Instrucci\u00f3n del Distrito 1, Turno 3 perteneciente al Ministerio P\u00fablico Fiscal de C\u00f3rdoba, Jos\u00e9 Mana, firm\u00f3 el decreto de sentencia, tras considerar que existen indicios de&nbsp;<br><strong>Peligrosidad Procesal,<\/strong>&nbsp;tanto de<strong>&nbsp;fuga como entorpecimiento.<\/strong><\/p>\n\n\n\n<p>Soto est\u00e1 acusado por el&nbsp;<strong>homicidio calificado por alevos\u00eda y mediando violencia de g\u00e9nero<\/strong>&nbsp;en contra de la estudiante de arquitectura e influencer, de 21 a\u00f1os. &nbsp;<\/p>\n\n\n\n<p>Seg\u00fan la fiscal\u00eda, &#8220;es clara la&nbsp;<strong>posici\u00f3n de superioridad que ejerc\u00eda Aguilar Soto&nbsp;<\/strong>sobre su v\u00edctima, como as\u00ed tambi\u00e9n la&nbsp;<strong>violencia psicol\u00f3gica y simb\u00f3lica&nbsp;<\/strong>que aplic\u00f3 hasta el momento mismo de quitarle la vida a su amiga por despecho&#8221;.<\/p>\n\n\n\n<p>La relaci\u00f3n se dio en un<strong>&nbsp;contexto de violencia de g\u00e9nero,<\/strong>&nbsp;marcado por una fuerte discriminaci\u00f3n hacia ella por su condici\u00f3n de mujer y ubic\u00e1ndose el imputado en una posici\u00f3n superior con respecto a la chica.<\/p>\n\n\n\n<p><strong>El asesinato de la mujer se produjo la noche del 17 de julio de este a\u00f1o,&nbsp;<\/strong>en el departamento del joven en la ciudad de C\u00f3rdoba, donde<strong>&nbsp;Soto estrangul\u00f3 a la chica,&nbsp;<\/strong>luego subi\u00f3 el cuerpo a su auto, un Renault Clio, y lo incendi\u00f3.<\/p>\n","protected":false},"excerpt":{"rendered":"<p>El joven hab\u00eda estrangulado a su amiga el mes pasado en la ciudad de C\u00f3rdoba. La justicia dict\u00f3 este mi\u00e9rcoles la prisi\u00f3n preventiva contra&nbsp;N\u00e9stor Aguilar Soto&nbsp;por el asesinato de la&hellip; <\/p>\n","protected":false},"author":4,"featured_media":162461,"comment_status":"closed","ping_status":"open","sticky":false,"template":"","format":"standard","meta":{"footnotes":""},"categories":[33],"tags":[],"class_list":["post-162414","post","type-post","status-publish","format-standard","has-post-thumbnail","hentry","category-policiales"],"_links":{"self":[{"href":"https:\/\/corrientesdetarde.com\/index.php\/wp-json\/wp\/v2\/posts\/162414","targetHints":{"allow":["GET"]}}],"collection":[{"href":"https:\/\/corrientesdetarde.com\/index.php\/wp-json\/wp\/v2\/posts"}],"about":[{"href":"https:\/\/corrientesdetarde.com\/index.php\/wp-json\/wp\/v2\/types\/post"}],"author":[{"embeddable":true,"href":"https:\/\/corrientesdetarde.com\/index.php\/wp-json\/wp\/v2\/users\/4"}],"replies":[{"embeddable":true,"href":"https:\/\/corrientesdetarde.com\/index.php\/wp-json\/wp\/v2\/comments?post=162414"}],"version-history":[{"count":1,"href":"https:\/\/corrientesdetarde.com\/index.php\/wp-json\/wp\/v2\/posts\/162414\/revisions"}],"predecessor-version":[{"id":162462,"href":"https:\/\/corrientesdetarde.com\/index.php\/wp-json\/wp\/v2\/posts\/162414\/revisions\/162462"}],"wp:featuredmedia":[{"embeddable":true,"href":"https:\/\/corrientesdetarde.com\/index.php\/wp-json\/wp\/v2\/media\/162461"}],"wp:attachment":[{"href":"https:\/\/corrientesdetarde.com\/index.php\/wp-json\/wp\/v2\/media?parent=162414"}],"wp:term":[{"taxonomy":"category","embeddable":true,"href":"https:\/\/corrientesdetarde.com\/index.php\/wp-json\/wp\/v2\/categories?post=162414"},{"taxonomy":"post_tag","embeddable":true,"href":"https:\/\/corrientesdetarde.com\/index.php\/wp-json\/wp\/v2\/tags?post=162414"}],"curies":[{"name":"wp","href":"https:\/\/api.w.org\/{rel}","templated":true}]}}