{"id":162468,"date":"2024-08-29T00:57:21","date_gmt":"2024-08-29T03:57:21","guid":{"rendered":"https:\/\/corrientesdetarde.com\/?p=162468"},"modified":"2024-08-29T00:57:25","modified_gmt":"2024-08-29T03:57:25","slug":"valdes-recibio-a-la-intendenta-de-bella-vista-y-dialogaron-sobre-el-avance-de-importantes-obras","status":"publish","type":"post","link":"https:\/\/corrientesdetarde.com\/index.php\/locales\/valdes-recibio-a-la-intendenta-de-bella-vista-y-dialogaron-sobre-el-avance-de-importantes-obras\/","title":{"rendered":"Vald\u00e9s recibi\u00f3 a la intendenta de Bella Vista y dialogaron sobre el avance de importantes obras"},"content":{"rendered":"\n<p>El gobernador Gustavo Vald\u00e9s recibi\u00f3 este mi\u00e9rcoles en su Despacho de Casa de Gobierno, a la intendenta de Bella Vista, Noelia Bazzi, con quien dialogaron sobre el avance de las obras que \u201cestamos ejecutando desde el Gobierno provincial\u201d en su ciudad, inform\u00f3 el Mandatario correntino. Asimismo, puntualiz\u00f3 que abordaron particularmente trabajos como la construcci\u00f3n de viviendas y la primera etapa del Parque Industrial, \u201cclave para el desarrollo y la generaci\u00f3n de trabajo\u201d coment\u00f3.<\/p>\n","protected":false},"excerpt":{"rendered":"<p>El gobernador Gustavo Vald\u00e9s recibi\u00f3 este mi\u00e9rcoles en su Despacho de Casa de Gobierno, a la intendenta de Bella Vista, Noelia Bazzi, con quien dialogaron sobre el avance de las&hellip; <\/p>\n","protected":false},"author":4,"featured_media":162469,"comment_status":"closed","ping_status":"open","sticky":false,"template":"","format":"standard","meta":{"footnotes":""},"categories":[8],"tags":[],"class_list":["post-162468","post","type-post","status-publish","format-standard","has-post-thumbnail","hentry","category-locales"],"_links":{"self":[{"href":"https:\/\/corrientesdetarde.com\/index.php\/wp-json\/wp\/v2\/posts\/162468","targetHints":{"allow":["GET"]}}],"collection":[{"href":"https:\/\/corrientesdetarde.com\/index.php\/wp-json\/wp\/v2\/posts"}],"about":[{"href":"https:\/\/corrientesdetarde.com\/index.php\/wp-json\/wp\/v2\/types\/post"}],"author":[{"embeddable":true,"href":"https:\/\/corrientesdetarde.com\/index.php\/wp-json\/wp\/v2\/users\/4"}],"replies":[{"embeddable":true,"href":"https:\/\/corrientesdetarde.com\/index.php\/wp-json\/wp\/v2\/comments?post=162468"}],"version-history":[{"count":1,"href":"https:\/\/corrientesdetarde.com\/index.php\/wp-json\/wp\/v2\/posts\/162468\/revisions"}],"predecessor-version":[{"id":162470,"href":"https:\/\/corrientesdetarde.com\/index.php\/wp-json\/wp\/v2\/posts\/162468\/revisions\/162470"}],"wp:featuredmedia":[{"embeddable":true,"href":"https:\/\/corrientesdetarde.com\/index.php\/wp-json\/wp\/v2\/media\/162469"}],"wp:attachment":[{"href":"https:\/\/corrientesdetarde.com\/index.php\/wp-json\/wp\/v2\/media?parent=162468"}],"wp:term":[{"taxonomy":"category","embeddable":true,"href":"https:\/\/corrientesdetarde.com\/index.php\/wp-json\/wp\/v2\/categories?post=162468"},{"taxonomy":"post_tag","embeddable":true,"href":"https:\/\/corrientesdetarde.com\/index.php\/wp-json\/wp\/v2\/tags?post=162468"}],"curies":[{"name":"wp","href":"https:\/\/api.w.org\/{rel}","templated":true}]}}