{"id":162473,"date":"2024-08-29T09:05:07","date_gmt":"2024-08-29T12:05:07","guid":{"rendered":"https:\/\/corrientesdetarde.com\/?p=162473"},"modified":"2024-08-29T09:11:54","modified_gmt":"2024-08-29T12:11:54","slug":"vallejos-sobre-la-detencion-de-kiczka-estaba-desde-la-semana-pasada-en-loreto","status":"publish","type":"post","link":"https:\/\/corrientesdetarde.com\/index.php\/locales\/vallejos-sobre-la-detencion-de-kiczka-estaba-desde-la-semana-pasada-en-loreto\/","title":{"rendered":"Vallejos sobre la detenci\u00f3n de Kiczka: &#8220;Estaba desde la semana pasada en Loreto&#8221;"},"content":{"rendered":"\n<p>El ministro de Seguridad de la provincia, Alfredo Vallejos brind\u00f3 detalles de la detenci\u00f3n en la noche del jueves del diputado Germ\u00e1n Kiczka mediante el llamado de alerta de una vecina de la localidad. Asimismo dijo que cuando &#8220;vio cu\u00e1l era el despliegue que hab\u00eda asegurado la polic\u00eda, no ofreci\u00f3 ninguna resistencia al momento de su detenci\u00f3n&#8221;.<a href=\"https:\/\/api.whatsapp.com\/send?text=Vallejos%20sobre%20la%20detenci%C3%B3n%20de%20Kiczka:%20%22Estaba%20desde%20la%20semana%20pasada%20en%20Loreto%22%20-%20https:\/\/www.diarioepoca.com\/1330754-vallejos-sobre-la-detencion-de-kiczka-estaba-desde-la-semana-pasada-en-loreto?utm_source=WhatsApp%26utm_medium=WhatsApp%26utm_campaign=WhatsApp%26utm_term=WhatsApp\" target=\"_blank\" rel=\"noreferrer noopener\"><\/a><a href=\"https:\/\/www.diarioepoca.com\/1330754-vallejos-sobre-la-detencion-de-kiczka-estaba-desde-la-semana-pasada-en-loreto#\"><\/a><a href=\"https:\/\/www.diarioepoca.com\/1330754-vallejos-sobre-la-detencion-de-kiczka-estaba-desde-la-semana-pasada-en-loreto#\"><\/a><\/p>\n\n\n\n<p>&#8220;A las 21.30 aproximadamente se recibe un llamado a la Comisar\u00eda de Loreto, en la cual una vecina de la localidad, dice que solicita la presencia de la polic\u00eda en su domicilio porque ten\u00eda una informaci\u00f3n importante. Inmediatamente la polic\u00eda se hace presente y refiere que ella habr\u00eda visto, desde algunos d\u00edas atr\u00e1s, porque acababa de ver en su celular la foto de la persona que estaba pr\u00f3fuga, hab\u00eda visto a una persona con las mismas caracter\u00edsticas y estaba pr\u00e1cticamente segura de que se trataba del mismo individuo&#8221;, indic\u00f3 sobre el llamado de alerta.<\/p>\n\n\n\n<p>&#8220;Inmediatamente se da noticia al Comisario que dispone un operativo, se hacen presentes en el lugar y efectivamente, no s\u00e9 si en el principio esta persona trat\u00f3 de evadir, digamos, el contacto con la polic\u00eda sin presentar resistencia. Cuando vio que se encontraba rodeado, accedi\u00f3 a identificarse con su apellido y bueno, siguiendo la documentaci\u00f3n, fue detenido en ese mismo momento, trasladado al hospital&#8221;, detall\u00f3. &#8220;Hay una foto que circula, que es la primera foto que circul\u00f3, esa es la foto que se tom\u00f3 en el hospital&#8221;, sostuvo.<\/p>\n\n\n\n<p>Por otra parte Vallejos indic\u00f3 &#8220;posteriormente es enviado a la comisar\u00eda donde se detiene a su pertenencia y bueno, todo lo que se conoce. Nos comunicamos inmediatamente con el Ministro del gobierno de Misiones, la ministra de Seguridad de la Naci\u00f3n, el Gobernador lo hizo personalmente&#8221;. &#8220;Hoy a las 4:30 de la ma\u00f1ana se lo termina entregando a la Polic\u00eda de Misiones&#8221;.<\/p>\n\n\n\n<p>Asimismo dijo que en principio el exdiputado intent\u00f3 evadir a la polic\u00eda pero &#8220;cuando vio cu\u00e1l era el despliegue que hab\u00eda asegurado la polic\u00eda, lo que hay que de alguna manera remarcar y aclarar, es que no ofreci\u00f3 ninguna resistencia al momento de su detenci\u00f3n&#8221;.<\/p>\n\n\n\n<figure class=\"wp-block-image\"><img decoding=\"async\" src=\"https:\/\/www.diarioepoca.com\/content\/bucket\/0\/1380950w790h413c.jpg.webp\" alt=\"\"\/><\/figure>\n\n\n\n<p>Al ser consultado sobre el tiempo que estuvo en la localidad de Loreto, el ministro expres\u00f3 &#8220;estuvo hace varios d\u00edas porque la persona que da la noticia, dice que lo hab\u00eda visto d\u00edas anteriores e inclusive dice antes de la lluvia, o sea que estamos hablando, seg\u00fan lo que me dice la polic\u00eda de Loreto, desde la semana pasada&#8221;.<\/p>\n\n\n\n<p>&#8220;Lo otro que tambi\u00e9n hay que decir es que \u00e9l se movilizaba en un Toyota Corolla de color gris que estaba en este mismo lugar, debajo de unos \u00e1rboles, y que hab\u00eda llegado a la localidad en ese auto. Hay un cuidador en ese camping que est\u00e1 cerca de cinco kil\u00f3metros del pueblo, solicit\u00f3 una caba\u00f1a, el encargado que est\u00e1 en realidad en ese lugar, porque el aleatorio est\u00e1 en obras, le dice que estaba fuera de temporada, que no ten\u00eda nada para alquilarle y le termina ofreciendo una especie de cantina en la que hab\u00eda un camastro con una fazada, que es donde aparentemente dorm\u00eda, porque \u00e9l le hab\u00eda referido que se hab\u00eda peleado con la familia y necesitaba estar unos d\u00edas ah\u00ed. No se identific\u00f3 con el nombre completo, s\u00ed se hac\u00eda llamar Germ\u00e1n durante estos d\u00edas que estuvo en ese lugar&#8221;, agreg\u00f3 Vallejos.&nbsp;<\/p>\n\n\n\n<p>Explic\u00f3 que Kiczka estaba solo, &#8220;a partir de su detenci\u00f3n, la polic\u00eda lo que hizo fue rastrear la zona para descartar que estuviera con su hermano, pero las personas que lo vieron durante estos d\u00edas dicen que en todo momento estuvo solo&#8221;.<\/p>\n","protected":false},"excerpt":{"rendered":"<p>El ministro de Seguridad de la provincia, Alfredo Vallejos brind\u00f3 detalles de la detenci\u00f3n en la noche del jueves del diputado Germ\u00e1n Kiczka mediante el llamado de alerta de una&hellip; <\/p>\n","protected":false},"author":12,"featured_media":162476,"comment_status":"closed","ping_status":"open","sticky":false,"template":"","format":"standard","meta":{"footnotes":""},"categories":[8,33],"tags":[],"class_list":["post-162473","post","type-post","status-publish","format-standard","has-post-thumbnail","hentry","category-locales","category-policiales"],"_links":{"self":[{"href":"https:\/\/corrientesdetarde.com\/index.php\/wp-json\/wp\/v2\/posts\/162473","targetHints":{"allow":["GET"]}}],"collection":[{"href":"https:\/\/corrientesdetarde.com\/index.php\/wp-json\/wp\/v2\/posts"}],"about":[{"href":"https:\/\/corrientesdetarde.com\/index.php\/wp-json\/wp\/v2\/types\/post"}],"author":[{"embeddable":true,"href":"https:\/\/corrientesdetarde.com\/index.php\/wp-json\/wp\/v2\/users\/12"}],"replies":[{"embeddable":true,"href":"https:\/\/corrientesdetarde.com\/index.php\/wp-json\/wp\/v2\/comments?post=162473"}],"version-history":[{"count":2,"href":"https:\/\/corrientesdetarde.com\/index.php\/wp-json\/wp\/v2\/posts\/162473\/revisions"}],"predecessor-version":[{"id":162484,"href":"https:\/\/corrientesdetarde.com\/index.php\/wp-json\/wp\/v2\/posts\/162473\/revisions\/162484"}],"wp:featuredmedia":[{"embeddable":true,"href":"https:\/\/corrientesdetarde.com\/index.php\/wp-json\/wp\/v2\/media\/162476"}],"wp:attachment":[{"href":"https:\/\/corrientesdetarde.com\/index.php\/wp-json\/wp\/v2\/media?parent=162473"}],"wp:term":[{"taxonomy":"category","embeddable":true,"href":"https:\/\/corrientesdetarde.com\/index.php\/wp-json\/wp\/v2\/categories?post=162473"},{"taxonomy":"post_tag","embeddable":true,"href":"https:\/\/corrientesdetarde.com\/index.php\/wp-json\/wp\/v2\/tags?post=162473"}],"curies":[{"name":"wp","href":"https:\/\/api.w.org\/{rel}","templated":true}]}}