{"id":162474,"date":"2024-08-29T09:07:00","date_gmt":"2024-08-29T12:07:00","guid":{"rendered":"https:\/\/corrientesdetarde.com\/?p=162474"},"modified":"2024-08-29T09:07:05","modified_gmt":"2024-08-29T12:07:05","slug":"cierran-todos-los-supermercados-y-shoppings-del-pais-las-razones-tras-la-medida","status":"publish","type":"post","link":"https:\/\/corrientesdetarde.com\/index.php\/informacion-general\/cierran-todos-los-supermercados-y-shoppings-del-pais-las-razones-tras-la-medida\/","title":{"rendered":"Cierran todos los supermercados y shoppings del pa\u00eds: las razones tras la medida"},"content":{"rendered":"\n<p>En este d\u00eda conmemorativo, todos los empleados de comercio podr\u00e1n tomarse la jornada<a href=\"https:\/\/api.whatsapp.com\/send?text=Cierran%20todos%20los%20supermercados%20y%20shoppings%20del%20pa%C3%ADs:%20las%20razones%20tras%20la%20medida%20-%20https:\/\/www.diarioepoca.com\/1330755-cierran-todos-los-supermercados-y-shoppings-del-pais-las-razones-tras-la-medida?utm_source=WhatsApp%26utm_medium=WhatsApp%26utm_campaign=WhatsApp%26utm_term=WhatsApp\" target=\"_blank\" rel=\"noreferrer noopener\"><\/a><a href=\"https:\/\/www.diarioepoca.com\/1330755-cierran-todos-los-supermercados-y-shoppings-del-pais-las-razones-tras-la-medida#\"><\/a><a href=\"https:\/\/www.diarioepoca.com\/1330755-cierran-todos-los-supermercados-y-shoppings-del-pais-las-razones-tras-la-medida#\"><\/a><\/p>\n\n\n\n<p>El D\u00eda del Empleado de Comercio se celebra el jueves 26 de septiembre y, como es usual, los supermercados, comercios y shoppings permanecer\u00e1n cerrados en conmemoraci\u00f3n de su jornada.<\/p>\n\n\n\n<p>&nbsp;<br><strong>\u00bfPor qu\u00e9 se celebra le D\u00eda del Empleado de Comercio?<\/strong><\/p>\n\n\n\n<p>Se celebra este d\u00eda a causa de que el 26 de septiembre de 1934 se sancion\u00f3 bajo la presidencia de Augusto Pedro Justo la Ley N\u00b011.729 que regula las obligaciones y promueve los derechos de los empleados de comercio.<\/p>\n\n\n\n<p>La ley se formaliz\u00f3 reci\u00e9n en 2009 bajo la presidencia de Cristina Fern\u00e1ndez de Kirchner con la Ley N\u00b026.541. El Convenio Colectivo de Trabajo ratific\u00f3 la ley, tras acuerdoe entre la Federaci\u00f3n Argentina de Empleados de Comercio y Servicios (FAECYS) y la C\u00e1mara Argentina de Comercio (CAC), la Confederaci\u00f3n Argentina de la Mediana Empresa (CAME) y la Uni\u00f3n de Entidades Comerciales Argentinas (UDECA).<\/p>\n\n\n\n<p><strong>\u00bfCu\u00e1ndo es el D\u00eda del Empleado de Comercio?<\/strong><\/p>\n\n\n\n<p>El Art\u00edculo 1 de la Ley N\u00b026.541 establece el d\u00eda 26 de septiembre de cada a\u00f1o, en conmemoraci\u00f3n del &#8220;D\u00eda del Empleado de Comercio&#8221;.&nbsp;<\/p>\n\n\n\n<p><strong>D\u00eda del Empleado de Comercio: \u00bfhay que trabajar?<\/strong><\/p>\n\n\n\n<p>Seg\u00fan el art\u00edculo 2 de la reglamentaci\u00f3n, &#8220;los empleados de comercio no prestar\u00e1n labores, asimil\u00e1ndose el mismo a los feriados nacionales a todos los efectos legales&#8221;.<\/p>\n\n\n\n<p>La CAC record\u00f3 a todos los trabajadores que queda a criterio de los empleadores y sus dependientes (comprendidos en el CCT 130\/75), la posici\u00f3n a adoptar al respecto. &nbsp;<\/p>\n\n\n\n<p>&nbsp;Desde la CAC aclararon que los empleados mercantiles &#8220;tendr\u00e1n la opci\u00f3n de prestar o no servicios laborales durante el lunes 25, con todos los efectos y alcances de la mencionada ley&#8221;.&nbsp;<\/p>\n\n\n\n<p>La ley establece que estos d\u00edas &#8220;no exigen el otorgamiento de un descanso compensatorio cuando se trabaja&#8221;. Por este motivo, los empleados que trabajen el feriado por el D\u00eda del Empleado de Comercio recibir\u00e1n un pago con un recargo equivalente del 100%, es decir que cobrar\u00e1n el doble.<\/p>\n","protected":false},"excerpt":{"rendered":"<p>En este d\u00eda conmemorativo, todos los empleados de comercio podr\u00e1n tomarse la jornada El D\u00eda del Empleado de Comercio se celebra el jueves 26 de septiembre y, como es usual,&hellip; <\/p>\n","protected":false},"author":12,"featured_media":162478,"comment_status":"closed","ping_status":"open","sticky":false,"template":"","format":"standard","meta":{"footnotes":""},"categories":[26,1],"tags":[],"class_list":["post-162474","post","type-post","status-publish","format-standard","has-post-thumbnail","hentry","category-destacados","category-informacion-general"],"_links":{"self":[{"href":"https:\/\/corrientesdetarde.com\/index.php\/wp-json\/wp\/v2\/posts\/162474","targetHints":{"allow":["GET"]}}],"collection":[{"href":"https:\/\/corrientesdetarde.com\/index.php\/wp-json\/wp\/v2\/posts"}],"about":[{"href":"https:\/\/corrientesdetarde.com\/index.php\/wp-json\/wp\/v2\/types\/post"}],"author":[{"embeddable":true,"href":"https:\/\/corrientesdetarde.com\/index.php\/wp-json\/wp\/v2\/users\/12"}],"replies":[{"embeddable":true,"href":"https:\/\/corrientesdetarde.com\/index.php\/wp-json\/wp\/v2\/comments?post=162474"}],"version-history":[{"count":1,"href":"https:\/\/corrientesdetarde.com\/index.php\/wp-json\/wp\/v2\/posts\/162474\/revisions"}],"predecessor-version":[{"id":162479,"href":"https:\/\/corrientesdetarde.com\/index.php\/wp-json\/wp\/v2\/posts\/162474\/revisions\/162479"}],"wp:featuredmedia":[{"embeddable":true,"href":"https:\/\/corrientesdetarde.com\/index.php\/wp-json\/wp\/v2\/media\/162478"}],"wp:attachment":[{"href":"https:\/\/corrientesdetarde.com\/index.php\/wp-json\/wp\/v2\/media?parent=162474"}],"wp:term":[{"taxonomy":"category","embeddable":true,"href":"https:\/\/corrientesdetarde.com\/index.php\/wp-json\/wp\/v2\/categories?post=162474"},{"taxonomy":"post_tag","embeddable":true,"href":"https:\/\/corrientesdetarde.com\/index.php\/wp-json\/wp\/v2\/tags?post=162474"}],"curies":[{"name":"wp","href":"https:\/\/api.w.org\/{rel}","templated":true}]}}