{"id":16249,"date":"2022-11-01T14:03:43","date_gmt":"2022-11-01T17:03:43","guid":{"rendered":"https:\/\/corrientesdetarde.com\/?p=16249"},"modified":"2022-11-01T14:03:46","modified_gmt":"2022-11-01T17:03:46","slug":"el-gobernador-valdes-recibio-al-embajador-australiano-brett-hackett","status":"publish","type":"post","link":"https:\/\/corrientesdetarde.com\/index.php\/politica\/el-gobernador-valdes-recibio-al-embajador-australiano-brett-hackett\/","title":{"rendered":"El gobernador Vald\u00e9s recibi\u00f3 al embajador australiano Brett Hackett"},"content":{"rendered":"\n<p>El gobernador Gustavo Vald\u00e9s recibi\u00f3 esta ma\u00f1ana en su despacho al embajador de Australia en Argentina, Brett Hackett con quien dialog\u00f3 sobre las actividades productivas e industriales de Corrientes y sobre las posibilidades de trabajar en conjunto en el futuro. \u201cLa provincia se integra al mundo para desarrollar todo su potencial\u201d, expres\u00f3 el mandatario en su cuenta de Twitter.<\/p>\n\n\n\n<p>\u201cFue una reuni\u00f3n muy exitosa, hablamos del crecimiento r\u00e1pido de las inversiones australianas en la provincia, lo que afianza las relaciones\u201d, manifest\u00f3 el embajador tras el encuentro.<\/p>\n\n\n\n<p>\u201cHablamos sobre establecer diferentes \u00e1reas de capacitaci\u00f3n, como en ingl\u00e9s, o hacer frente a la lucha contra incendios, tambi\u00e9n sobre turismo y las oportunidades de hacer m\u00e1s cosas juntos\u201d, agreg\u00f3.<\/p>\n\n\n\n<p>En la oportunidad, Hackett tambi\u00e9n mantuvo un encuentro con los secretarios de Desarrollo Foresto Industrial, Luis Mar\u00eda Mestres y de Agricultura y Ganader\u00eda, Norberto M\u00f3rtola, donde estos le mostraron las distintas cadenas productivas de la provincia, como la yerba, c\u00edtricos, ganader\u00eda, arroz, forestaciones, entre otras.<\/p>\n\n\n\n<p>\u201cEsta es mi segunda visita a Corrientes, la primera fue en Mercedes, donde Australia tiene inversi\u00f3n en arroz\u201d, cont\u00f3 el funcionario australiano, quien concluy\u00f3: \u201cahora entiendo que la provincia tiene m\u00e1s oportunidades en lo que es la industria agropecuaria y que es l\u00edder en la producci\u00f3n de yerba, que es un producto que ha entrado en el mercado australiano. Identifico que habr\u00e1 m\u00e1s \u00e1reas de colaboraci\u00f3n en el futuro\u201d.&nbsp;<\/p>\n\n\n\n<figure class=\"wp-block-image size-large\"><img loading=\"lazy\" decoding=\"async\" width=\"1024\" height=\"682\" src=\"https:\/\/corrientesdetarde.com\/wp-content\/uploads\/2022\/11\/imagen-97117-1024x682.jpg\" alt=\"\" class=\"wp-image-16251\" srcset=\"https:\/\/corrientesdetarde.com\/wp-content\/uploads\/2022\/11\/imagen-97117-1024x682.jpg 1024w, https:\/\/corrientesdetarde.com\/wp-content\/uploads\/2022\/11\/imagen-97117-300x200.jpg 300w, https:\/\/corrientesdetarde.com\/wp-content\/uploads\/2022\/11\/imagen-97117-768x512.jpg 768w, https:\/\/corrientesdetarde.com\/wp-content\/uploads\/2022\/11\/imagen-97117-272x182.jpg 272w, https:\/\/corrientesdetarde.com\/wp-content\/uploads\/2022\/11\/imagen-97117.jpg 1280w\" sizes=\"auto, (max-width: 1024px) 100vw, 1024px\" \/><\/figure>\n\n\n\n<figure class=\"wp-block-image size-large\"><img loading=\"lazy\" decoding=\"async\" width=\"1024\" height=\"684\" src=\"https:\/\/corrientesdetarde.com\/wp-content\/uploads\/2022\/11\/imagen-97121-1024x684.jpg\" alt=\"\" class=\"wp-image-16252\" srcset=\"https:\/\/corrientesdetarde.com\/wp-content\/uploads\/2022\/11\/imagen-97121-1024x684.jpg 1024w, https:\/\/corrientesdetarde.com\/wp-content\/uploads\/2022\/11\/imagen-97121-300x200.jpg 300w, https:\/\/corrientesdetarde.com\/wp-content\/uploads\/2022\/11\/imagen-97121-768x513.jpg 768w, https:\/\/corrientesdetarde.com\/wp-content\/uploads\/2022\/11\/imagen-97121-272x182.jpg 272w, https:\/\/corrientesdetarde.com\/wp-content\/uploads\/2022\/11\/imagen-97121.jpg 1357w\" sizes=\"auto, (max-width: 1024px) 100vw, 1024px\" \/><\/figure>\n","protected":false},"excerpt":{"rendered":"<p>El gobernador Gustavo Vald\u00e9s recibi\u00f3 esta ma\u00f1ana en su despacho al embajador de Australia en Argentina, Brett Hackett con quien dialog\u00f3 sobre las actividades productivas e industriales de Corrientes y&hellip; <\/p>\n","protected":false},"author":1,"featured_media":16250,"comment_status":"closed","ping_status":"open","sticky":false,"template":"","format":"standard","meta":{"footnotes":""},"categories":[3],"tags":[],"class_list":["post-16249","post","type-post","status-publish","format-standard","has-post-thumbnail","hentry","category-politica"],"_links":{"self":[{"href":"https:\/\/corrientesdetarde.com\/index.php\/wp-json\/wp\/v2\/posts\/16249","targetHints":{"allow":["GET"]}}],"collection":[{"href":"https:\/\/corrientesdetarde.com\/index.php\/wp-json\/wp\/v2\/posts"}],"about":[{"href":"https:\/\/corrientesdetarde.com\/index.php\/wp-json\/wp\/v2\/types\/post"}],"author":[{"embeddable":true,"href":"https:\/\/corrientesdetarde.com\/index.php\/wp-json\/wp\/v2\/users\/1"}],"replies":[{"embeddable":true,"href":"https:\/\/corrientesdetarde.com\/index.php\/wp-json\/wp\/v2\/comments?post=16249"}],"version-history":[{"count":1,"href":"https:\/\/corrientesdetarde.com\/index.php\/wp-json\/wp\/v2\/posts\/16249\/revisions"}],"predecessor-version":[{"id":16253,"href":"https:\/\/corrientesdetarde.com\/index.php\/wp-json\/wp\/v2\/posts\/16249\/revisions\/16253"}],"wp:featuredmedia":[{"embeddable":true,"href":"https:\/\/corrientesdetarde.com\/index.php\/wp-json\/wp\/v2\/media\/16250"}],"wp:attachment":[{"href":"https:\/\/corrientesdetarde.com\/index.php\/wp-json\/wp\/v2\/media?parent=16249"}],"wp:term":[{"taxonomy":"category","embeddable":true,"href":"https:\/\/corrientesdetarde.com\/index.php\/wp-json\/wp\/v2\/categories?post=16249"},{"taxonomy":"post_tag","embeddable":true,"href":"https:\/\/corrientesdetarde.com\/index.php\/wp-json\/wp\/v2\/tags?post=16249"}],"curies":[{"name":"wp","href":"https:\/\/api.w.org\/{rel}","templated":true}]}}