{"id":162531,"date":"2024-08-29T11:38:28","date_gmt":"2024-08-29T14:38:28","guid":{"rendered":"https:\/\/corrientesdetarde.com\/?p=162531"},"modified":"2024-08-29T11:38:33","modified_gmt":"2024-08-29T14:38:33","slug":"el-oficialismo-les-marca-la-cancha-a-los-senadores-libertarios-tras-la-salida-de-francisco-paoltroni","status":"publish","type":"post","link":"https:\/\/corrientesdetarde.com\/index.php\/politica\/el-oficialismo-les-marca-la-cancha-a-los-senadores-libertarios-tras-la-salida-de-francisco-paoltroni\/","title":{"rendered":"El oficialismo les marca la cancha a los senadores libertarios tras la salida de Francisco Paoltroni"},"content":{"rendered":"\n<p>El senador de La Libertad Avanza,\u00a0<strong>Bartolom\u00e9 Abdala,<\/strong>\u00a0sali\u00f3 a hacerle duras cr\u00edticas a quien fuera su par de bloque,\u00a0<strong>Francisco Paoltroni,<\/strong>\u00a0que en la noche del mi\u00e9rcoles fue\u00a0<strong>expulsado\u00a0<\/strong>de la bancada. Abdala atribuy\u00f3 la abrupta salida del formose\u00f1o a \u201cdiferencias que no correspond\u00edan\u201d y envi\u00f3 un fuerte mensaje interno al bloque de la C\u00e1mara Alta: \u201cEs importante que la conducci\u00f3n\u00a0<strong>no sea discutida internamente\u201d.<\/strong><\/p>\n\n\n\n<p>En m\u00faltiples oportunidades, Paoltroni manifest\u00f3 fuertes cuestionamientos al asesor presidencial,\u00a0<strong>Santiago Caputo,<\/strong>\u00a0y al juez federal,\u00a0<strong>Ariel Lijo,<\/strong>\u00a0que es uno de los candidatos de\u00a0<strong>Javier Milei<\/strong>\u00a0a la Corte Suprema.<\/p>\n\n\n\n<p>Abdala plante\u00f3: \u201cIndudablemente que hubo diferencias. Nosotros tenemos una f\u00f3rmula presidencial (Milei y la vice,&nbsp;<strong>Victoria Villarruel)<\/strong>&nbsp;que son nuestros&nbsp;<strong>l\u00edderes,&nbsp;<\/strong>y lamentablemente, por distintos dichos, creo que existieron diferencias que no correspond\u00edan en un espacio que se est\u00e1 formando. Es importante que la conducci\u00f3n no sea discutida internamente\u201d.<\/p>\n\n\n\n<p>El presidente provisional de la C\u00e1mara Alta dijo sobre las fuertes diferencias de Paoltroni con el oficialismo: \u201cIndudablemente que sus dichos expresados, y me parece que pol\u00edticamente, en lo que es la interna partidaria,&nbsp;<strong>no nos suma.<\/strong>&nbsp;Nosotros tenemos libertad de pensamiento,&nbsp;<strong>libertad de expresarnos,&nbsp;<\/strong>pero como corresponde todo movimiento pol\u00edtico, espacio pol\u00edtico, a los l\u00edderes generalmente<strong>&nbsp;se los discuten por adentro\u201d.<\/strong><\/p>\n\n\n\n<p>El senador de La Libertad Avanza dijo en declaraciones a&nbsp;<em>Radio Mitre:&nbsp;<\/em>\u201cTen\u00e9s que tener la paciencia para entender que a la conducci\u00f3n ten\u00e9s que&nbsp;<strong>acompa\u00f1arla,&nbsp;<\/strong>siempre es sano vivir respetando a los dos l\u00edderes que tenemos\u201d.<\/p>\n\n\n\n<h2 class=\"wp-block-heading\">Las claves de la expulsi\u00f3n de Francisco Paoltroni del bloque de La Libertad Avanza<\/h2>\n\n\n\n<figure class=\"wp-block-image\"><img decoding=\"async\" src=\"https:\/\/tn.com.ar\/resizer\/v2\/senadores-de-la-libertad-avanza-pidieron-la-expulsion-de-paoltroni-del-bloque-en-el-senado-foto-tn-TYP2LEZWWVGGHMIMZHHWFUEH7Y.jpeg?auth=976ee0ca215a7765a7e8cdace1091a2a814c0ad0b3b55665cff84baaf18fab23&amp;width=767\" alt=\"Senadores de La Libertad Avanza pidieron la expulsi\u00f3n de Paoltroni del bloque en el Senado. (Foto: TN)\"\/><figcaption class=\"wp-element-caption\">Senadores de La Libertad Avanza pidieron la expulsi\u00f3n de Paoltroni del bloque en el Senado. (Foto: TN)<\/figcaption><\/figure>\n\n\n\n<p>El mi\u00e9rcoles por la noche Paoltroni fue expulsado del bloque del oficialismo en el Senado, a trav\u00e9s de un pedido firmado por el jefe de la bancada,&nbsp;<strong>Ezequiel Atauche,&nbsp;<\/strong>Juan Carlos Pagotto, Vilma Bedia y Abdala.<\/p>\n\n\n\n<ul class=\"wp-block-list\">\n<li>El texto dice: \u201cTenemos el agrado de dirigirnos a usted (en relaci\u00f3n a Villarruel) en nuestro car\u00e1cter de integrantes del bloque de senadores de la Libertad Avanza a efectos de solicitar la expulsi\u00f3n de nuestro bloque del senador nacional Francisco Paoltroni en virtud de<strong>\u00a0diferencias irreconciliables\u201d.<\/strong><\/li>\n\n\n\n<li>La semana pasada Paoltroni dijo en declaraciones a\u00a0<strong>TN<\/strong>\u00a0que Javier Milei no era su jefe, que iba a votar en contra de la candidatura de Lijo a la Corte y redobl\u00f3 las cr\u00edticas al\u00a0<strong>asesor estrella<\/strong>\u00a0de Milei.<\/li>\n\n\n\n<li>El senador exigi\u00f3 el desplazamiento de Caputo, uno de los integrantes de la \u201cmesa chica\u201d del Presidente: \u201cNi siquiera tiene un cargo dentro del Gobierno,<strong>\u00a0f\u00edjense lo oscuro que es\u201d.<\/strong><\/li>\n\n\n\n<li>El senador adem\u00e1s volvi\u00f3 a hacerle fuertes cr\u00edticas a Lijo, que el Gobierno apuesta a que ocupe el lugar que Elena Highton de Nolasco dej\u00f3 vacante en el m\u00e1ximo tribunal. El legislador consider\u00f3 que el juez federal \u201ces la garant\u00eda de la\u00a0<strong>impunidad\u00a0<\/strong>de los \u00faltimos 30 a\u00f1os y de lo que no va a cambiar por los pr\u00f3ximos 20\u2033. Adem\u00e1s dijo que la\u00a0Rep\u00fablica Argentina estar\u00e1 en peligro si el pliego del juez es aprobado en la C\u00e1mara Alta.<\/li>\n<\/ul>\n","protected":false},"excerpt":{"rendered":"<p>El senador de La Libertad Avanza,\u00a0Bartolom\u00e9 Abdala,\u00a0sali\u00f3 a hacerle duras cr\u00edticas a quien fuera su par de bloque,\u00a0Francisco Paoltroni,\u00a0que en la noche del mi\u00e9rcoles fue\u00a0expulsado\u00a0de la bancada. Abdala atribuy\u00f3 la&hellip; <\/p>\n","protected":false},"author":12,"featured_media":162548,"comment_status":"closed","ping_status":"open","sticky":false,"template":"","format":"standard","meta":{"footnotes":""},"categories":[3],"tags":[],"class_list":["post-162531","post","type-post","status-publish","format-standard","has-post-thumbnail","hentry","category-politica"],"_links":{"self":[{"href":"https:\/\/corrientesdetarde.com\/index.php\/wp-json\/wp\/v2\/posts\/162531","targetHints":{"allow":["GET"]}}],"collection":[{"href":"https:\/\/corrientesdetarde.com\/index.php\/wp-json\/wp\/v2\/posts"}],"about":[{"href":"https:\/\/corrientesdetarde.com\/index.php\/wp-json\/wp\/v2\/types\/post"}],"author":[{"embeddable":true,"href":"https:\/\/corrientesdetarde.com\/index.php\/wp-json\/wp\/v2\/users\/12"}],"replies":[{"embeddable":true,"href":"https:\/\/corrientesdetarde.com\/index.php\/wp-json\/wp\/v2\/comments?post=162531"}],"version-history":[{"count":1,"href":"https:\/\/corrientesdetarde.com\/index.php\/wp-json\/wp\/v2\/posts\/162531\/revisions"}],"predecessor-version":[{"id":162549,"href":"https:\/\/corrientesdetarde.com\/index.php\/wp-json\/wp\/v2\/posts\/162531\/revisions\/162549"}],"wp:featuredmedia":[{"embeddable":true,"href":"https:\/\/corrientesdetarde.com\/index.php\/wp-json\/wp\/v2\/media\/162548"}],"wp:attachment":[{"href":"https:\/\/corrientesdetarde.com\/index.php\/wp-json\/wp\/v2\/media?parent=162531"}],"wp:term":[{"taxonomy":"category","embeddable":true,"href":"https:\/\/corrientesdetarde.com\/index.php\/wp-json\/wp\/v2\/categories?post=162531"},{"taxonomy":"post_tag","embeddable":true,"href":"https:\/\/corrientesdetarde.com\/index.php\/wp-json\/wp\/v2\/tags?post=162531"}],"curies":[{"name":"wp","href":"https:\/\/api.w.org\/{rel}","templated":true}]}}