{"id":162534,"date":"2024-08-29T11:30:15","date_gmt":"2024-08-29T14:30:15","guid":{"rendered":"https:\/\/corrientesdetarde.com\/?p=162534"},"modified":"2024-08-29T11:30:27","modified_gmt":"2024-08-29T14:30:27","slug":"el-emotivo-posteo-del-abanderado-argentino-en-la-ceremonia","status":"publish","type":"post","link":"https:\/\/corrientesdetarde.com\/index.php\/deportes\/el-emotivo-posteo-del-abanderado-argentino-en-la-ceremonia\/","title":{"rendered":"El emotivo posteo del abanderado argentino en la ceremonia"},"content":{"rendered":"\n<p><strong>Hern\u00e1n Barreto llev\u00f3 la bandera argentina en el desfile y cont\u00f3 sus sensaciones en sus redes sociales.<\/strong><\/p>\n\n\n\n<p>Este mi\u00e9rcoles comenzaron de manera oficial los&nbsp;Juegos Paral\u00edmpicos Par\u00eds 2024. Un mes despu\u00e9s del inicio de los Juegos Ol\u00edmpicos, la ciudad francesas volvi\u00f3 a recibir atletas y se dio&nbsp;una ceremonia de apertura muy emotiva. Tanto es as\u00ed que, a trav\u00e9s de sus redes sociales,&nbsp;Hern\u00e1n Barreto, abanderado de la delegaci\u00f3n argentina, hizo un posteo donde cont\u00f3 sus sensaciones ante este momento.<\/p>\n\n\n\n<p>Para estos Juegos Paral\u00edmpicos&nbsp;ser\u00e1n 70 los deportistas argentinos&nbsp;y dos de ellos fueron los encargados de portar la bandera: Constanza Garrone y H\u00e9ctor Barreto.<\/p>\n\n\n\n<p>Luego de un d\u00eda muy emotivo, el corredor expres\u00f3 sus sensaciones y emocion\u00f3 a todos en redes sociales. \u201cHoy cumpl\u00ed un sue\u00f1o. Con el coraz\u00f3n rebosante de orgullo y emoci\u00f3n, tuve el inmenso honor de ser el abanderado de la delegaci\u00f3n argentina. En ese momento,&nbsp;mientras sosten\u00eda la bandera de nuestro pa\u00eds, sent\u00ed c\u00f3mo cada sacrificio, cada entrenamiento y cada instante de dedicaci\u00f3n cobraron sentido\u201d, escribi\u00f3 junto a fotos de la ceremonia.<\/p>\n\n\n\n<p>Adem\u00e1s agreg\u00f3: \u201cEste momento es m\u00e1s que solo una representaci\u00f3n; es un s\u00edmbolo de unidad, de amor por nuestra patria y del esfuerzo de todos los que me han acompa\u00f1ado en este camino. A cada uno de ustedes, gracias por su apoyo incondicional. Estos recuerdos vivir\u00e1n siempre en mi coraz\u00f3n y forman parte de una historia que jam\u00e1s olvidar\u00e9.&nbsp;\u00a1Vamos Argentina, juntos hacia adelante!\u201d.<\/p>\n\n\n\n<p>Por supuesto, el cari\u00f1o de los hinchas argentinos se hizo sentir en las respuestas a este posteo y le mandaron los mejores deseos para su participaci\u00f3n en estos Juegos.<\/p>\n\n\n\n<p><strong>Qui\u00e9nes son los 70 atletas argentinos<\/strong><\/p>\n\n\n\n<p>Atletismo (19 plazas): Yanina Mart\u00ednez, Antonella Ruiz D\u00edaz, Araceli Rotela, Candela Cerrudo, Aldana Iba\u00f1ez, Karen Tassi, Maril\u00fa Romina Fern\u00e1ndez, Trinidad Coppola, Milagros del Valle Gonz\u00e1lez, Sofia Casse, Teresita Briozzi, Brian Impellizeri, Hern\u00e1n Barreto, Hern\u00e1n Urra, Alexis Ch\u00e1vez, Maximiliano Villa, Pablo Gim\u00e9nez Reynoso, Fernando V\u00e1squez y Sergio Markieviche.<br>Boccias (4): Stefan\u00eda Ferrando, Rodrigo Romero (competir\u00e1n en pareja e individuales en la categor\u00eda BC3), Luis Cristaldo y Ail\u00e9n Flores.<br>Ciclismo de pista y ruta (6): Rodrigo L\u00f3pez, Mariela Delgado y los t\u00e1ndems de Maximiliano G\u00f3mez \u2013 Sebasti\u00e1n Tolosa (masculino) y de Mar\u00eda Jos\u00e9 Quiroga \u2013 Micaela Barroso (femenino).<br>Esgrima (1): Hugo Alderete.<br>F\u00fatbol (10): Dar\u00edo Lencina, Germ\u00e1n M\u00fcleck, Froil\u00e1n Padilla, \u00c1ngel Deldo, Nahuel Heredia, Ezequiel Fern\u00e1ndez, Maximiliano Espinillo, Jes\u00fas Merlos, Mat\u00edas Olivera y Mario R\u00edos.<br>Judo (5): Nadia Boggiano, Roc\u00edo Ledesma, Eduardo Gauto, Paula G\u00f3mez y Laura Gonz\u00e1lez.<br>Nataci\u00f3n (12) Nadia B\u00e1ez, Daniela Gim\u00e9nez, Elizabeth Noriega, Analuz Pellitero, Germ\u00e1n Ar\u00e9valo, I\u00f1aki Basiloff, Fernando \u201cPipo\u201d Carlomagno, Mat\u00edas de Andrade, Lautaro Maidana Cancino, Nicol\u00e1s Rivero, Santiago Senestro y Jazm\u00edn Arag\u00f3n.<br>Paracanotaje (2): Ariel Atama\u00f1uk y Andrea Bracamonte.<br>Parataekwondo (2): Juan Samorano y Miguel Galeano.<br>Pesas (1): Lourdes Maciel.<br>Remo (1): Brenda Sard\u00f3n.<br>Tenis (3): Gustavo Fern\u00e1ndez, Florencia Moreno y Ezequiel Casco.<br>Tenis de mesa (3): Gabriel Copola, El\u00edas Romero y Constanza Garrone.<br>Tiro deportivo (1): Mar\u00eda Laura Rodr\u00edguez Belvedere.<\/p>\n\n\n\n<p>C\u00f3mo le fue a la delegaci\u00f3n argentina en los \u00faltimos Juegos Paral\u00edmpicos de Tokio 2020<\/p>\n\n\n\n<p>En la \u00faltima edici\u00f3n, Argentina consigui\u00f3 nueve medallas: cinco de plata y cuatro de bronce. Hern\u00e1n Urra (lanzamiento de bala), Los Murci\u00e9lagos (f\u00fatbol), Fernando \u201cPipo\u201d Carlomagno (nataci\u00f3n 100 metros pecho S7), Mat\u00edas de Andrade (nataci\u00f3n 100 metros pecho S6) y Brian Impellizzeri (salto en largo) se hab\u00edan quedado con el segundo puesto.<\/p>\n\n\n\n<p>El tercer lugar del podio lo hab\u00edan logrado Yanina Mart\u00ednez (200 metros), Antonella Ru\u00edz D\u00edaz (lanzamiento de bala), Juan Samorano (taekwondo) y Alexis Ch\u00e1vez (100 metros, T36).<\/p>\n\n\n\n<p>La \u00faltima medalla dorada de Argentina la gan\u00f3 Yanina Mart\u00ednez en R\u00edo 2016, algo que no ocurr\u00eda desde Atlanta 1996.<\/p>\n","protected":false},"excerpt":{"rendered":"<p>Hern\u00e1n Barreto llev\u00f3 la bandera argentina en el desfile y cont\u00f3 sus sensaciones en sus redes sociales. Este mi\u00e9rcoles comenzaron de manera oficial los&nbsp;Juegos Paral\u00edmpicos Par\u00eds 2024. Un mes despu\u00e9s&hellip; <\/p>\n","protected":false},"author":12,"featured_media":162537,"comment_status":"closed","ping_status":"open","sticky":false,"template":"","format":"standard","meta":{"footnotes":""},"categories":[4],"tags":[],"class_list":["post-162534","post","type-post","status-publish","format-standard","has-post-thumbnail","hentry","category-deportes"],"_links":{"self":[{"href":"https:\/\/corrientesdetarde.com\/index.php\/wp-json\/wp\/v2\/posts\/162534","targetHints":{"allow":["GET"]}}],"collection":[{"href":"https:\/\/corrientesdetarde.com\/index.php\/wp-json\/wp\/v2\/posts"}],"about":[{"href":"https:\/\/corrientesdetarde.com\/index.php\/wp-json\/wp\/v2\/types\/post"}],"author":[{"embeddable":true,"href":"https:\/\/corrientesdetarde.com\/index.php\/wp-json\/wp\/v2\/users\/12"}],"replies":[{"embeddable":true,"href":"https:\/\/corrientesdetarde.com\/index.php\/wp-json\/wp\/v2\/comments?post=162534"}],"version-history":[{"count":1,"href":"https:\/\/corrientesdetarde.com\/index.php\/wp-json\/wp\/v2\/posts\/162534\/revisions"}],"predecessor-version":[{"id":162538,"href":"https:\/\/corrientesdetarde.com\/index.php\/wp-json\/wp\/v2\/posts\/162534\/revisions\/162538"}],"wp:featuredmedia":[{"embeddable":true,"href":"https:\/\/corrientesdetarde.com\/index.php\/wp-json\/wp\/v2\/media\/162537"}],"wp:attachment":[{"href":"https:\/\/corrientesdetarde.com\/index.php\/wp-json\/wp\/v2\/media?parent=162534"}],"wp:term":[{"taxonomy":"category","embeddable":true,"href":"https:\/\/corrientesdetarde.com\/index.php\/wp-json\/wp\/v2\/categories?post=162534"},{"taxonomy":"post_tag","embeddable":true,"href":"https:\/\/corrientesdetarde.com\/index.php\/wp-json\/wp\/v2\/tags?post=162534"}],"curies":[{"name":"wp","href":"https:\/\/api.w.org\/{rel}","templated":true}]}}