{"id":16254,"date":"2022-11-01T14:06:06","date_gmt":"2022-11-01T17:06:06","guid":{"rendered":"https:\/\/corrientesdetarde.com\/?p=16254"},"modified":"2022-11-01T14:06:31","modified_gmt":"2022-11-01T17:06:31","slug":"rodolfo-insaurralde-en-corrientes","status":"publish","type":"post","link":"https:\/\/corrientesdetarde.com\/index.php\/cultura\/rodolfo-insaurralde-en-corrientes\/","title":{"rendered":"<strong>Rodolfo Insaurralde en Corrientes&nbsp;<\/strong>"},"content":{"rendered":"\n<p><strong>Obras pict\u00f3ricas hiperrealistas engalanan la Legislatura provincial &nbsp;<\/strong><\/p>\n\n\n\n<p><strong>En un acto cargado de emociones, el artista Rodolfo Insaurralde recibi\u00f3 la Ley 6609 aprobada este a\u00f1o, que lo declara Personalidad Destacada por su aporte a la cultura en general, y por ser embajador de Corrientes en el mundo.<\/strong><\/p>\n\n\n\n<p>La C\u00e1mara de Diputados de la Provincia, inaugur\u00f3 la exposici\u00f3n del reconocido pintor goyano Rodolfo Insaurralde, en un emotivo acto donde se le entreg\u00f3 la Ley 6609 sancionada este a\u00f1o, donde se lo declara \u201cPersonalidad Destacada de la Provincia\u201d, y en el marco del d\u00eda del Artista Pl\u00e1stico Argentino que se celebra cada 3 de noviembre.<\/p>\n\n\n\n<p>Para el presidente de la C\u00e1mara de Diputados Pedro Cassani es un \u201chonor\u201d albergar en \u00e1mbito legislativo el trabajo de un \u201cobrero del arte\u201d, un hombre que con talento, dedicaci\u00f3n, excelencia y humildad conquist\u00f3 al mundo, y ya \u201ctrascendi\u00f3\u201d al dejar su huella para toda una generaci\u00f3n de n\u00f3veles artistas, adem\u00e1s del hecho de sus cuadros est\u00e1n en los lugares m\u00e1s afamados de Estados Unidos, Francia, y tantos otros pa\u00edses.<\/p>\n\n\n\n<p>Ante una multitud que se dio cita a la ceremonia, Cassani reflexion\u00f3 que la ley es un acto de \u201cestricta justicia\u201d, agradeciendo a Insaurralde sus acciones solidarias \u2013quiz\u00e1 poco y nada difundidas- y la defensa f\u00e9rrea de su ciudad Goya y de su provincia, en lugares que le toca transitar.<\/p>\n\n\n\n<p>Del mismo modo, el presidente del Instituto de Cultura Gabriel Romero, felicit\u00f3 a la instituci\u00f3n por el merecido reconocimiento y por \u201chacer visible el trabajo de uno de los grandes artistas,&nbsp; y el m\u00e1s importante, probablemente, &nbsp;que tenga la provincia; &nbsp;y que tiene adem\u00e1s una proyecci\u00f3n internacional\u201d.<\/p>\n\n\n\n<p>\u201cMe parece que lo valioso de la obra de Insaurralde, tiene que ver con esta posibilidad de contar en cualquier lugar, las caracter\u00edsticas de nuestra provincia, y creo que ese es el valor que tiene\u201d, opin\u00f3. &nbsp;\u201cMuchas gracias por difundir la cultura de la provincia y felicitaciones a todos\u201d, concluy\u00f3.<\/p>\n\n\n\n<p>Por la Municipalidad de la ciudad de Corrientes, en representaci\u00f3n del intendente Eduardo Tassano, el Secretario de Cultura Jos\u00e9 Sand, hizo entrega de la Declaraci\u00f3n de Hu\u00e9sped de Honor de la ciudad al homenajeado, teniendo en cuenta la importancia de su visita, de su muestra \u2013que estar\u00e1 toda la semana- y de la charla que brindar\u00e1 el d\u00eda s\u00e1bado 5 de noviembre.<\/p>\n\n\n\n<p>La sorpresa del acontecimiento fue la presencia del &nbsp;tenor correntino Emilio Aguilera, quien deleit\u00f3 a los presentes con dos temas musicales que fueron un \u201cregalo\u201d para todos, &nbsp;y la actuaci\u00f3n del Ensamble Musical &nbsp;dependiente de la Direcci\u00f3n de Orquesta y M\u00fasica de C\u00e1mara de la Secretar\u00eda de Cultura del municipio local.<\/p>\n\n\n\n<p>Entre los asistentes se encontraban diputados y &nbsp;senadores provinciales, concejales, funcionarios del Poder Ejecutivo, artistas pl\u00e1sticos como Chela Gomez Morilla, y representantes de la cultura en general.<\/p>\n\n\n\n<p>Al momento de hacer uso de la palabra, Rodolfo Insaurralde agradeci\u00f3 a todos y todas &nbsp;las muestras de cari\u00f1o.<\/p>\n\n\n\n<p>\u201cQuiero decir que para m\u00ed todo esto es una sorpresa, porque H\u00e9ctor (R\u00edos) lo mantuvo bajo llaves todo&nbsp; lo que era organizaci\u00f3n\u2026 Agradezco la presencia de mis hermanos, estoy muy orgullosos de ellos\u2026 y de todos mis amigos, a quienes no quiero nombrar a todos porque estoy muy sensible\u201d, dijo emocionado.<\/p>\n\n\n\n<p>Record\u00f3 a su abuelo y a su madre, quienes le alentaron a correr detr\u00e1s de sus sue\u00f1os. \u201cLos sue\u00f1os los cumplen las personas, solo capaces\u201d, fue la frase que le marc\u00f3 la vida, y lo sostuvo en los momentos m\u00e1s dif\u00edciles de sus comienzos. &nbsp;<\/p>\n\n\n\n<p>Vale recordar que la exposici\u00f3n de sus obras puede ser visitada en horarios de 8 a 21 horas, en la legislatura provincial, previ\u00e9ndose una charla sobre su t\u00e9cnica y sobre Psicolog\u00eda del Color, &nbsp;el d\u00eda s\u00e1bado a las 9.30 horas, que lo tendr\u00e1 como \u00fanico disertante.<\/p>\n\n\n\n<p><strong>Conceptos vertidos<\/strong><\/p>\n\n\n\n<p>\u201cLa presencia de tanta gente, que vino incluso desde m\u00e1s de 200 kil\u00f3metros, es producto de las &nbsp;cualidades y condiciones art\u00edsticas de Rodolfo\u201d, dijo el presidente de Diputados Pedro Cassani, autor de la Ley 6609 (Declara a Rodolfo Insaurralde Personalidad Destacada)&nbsp;<\/p>\n\n\n\n<p>\u201cYo simplemente quiero pedirte algo, Rodolfo; que donde vayas a exponer tus obras, -que s\u00e9 que lo haces en distintas partes del mundo-, en los museos m\u00e1s exquisitos de distintos pa\u00edses, puedas seguir llevando esta condici\u00f3n casi de embajador; &nbsp;que puedas seguir contando al mundo de que hay un lugar&nbsp; donde habita muy buena gente, con muy buenas intenciones, con un sentido solidario particular,&nbsp; esto se llama la provincia de Corrientes y particularmente&nbsp; nuestra ciudad Goya\u201d, dijo el titular de Diputados.<\/p>\n\n\n\n<p>La artista pl\u00e1stica Dra Patricia Willis, comenz\u00f3 diciendo: \u201ca mi me toca hablar desde del lugar de alumna, amiga, colega, desde el lugar de psiquiatra, de pintora\u2026\u201d.<\/p>\n\n\n\n<p>\u201cEl mundo es un sitio dif\u00edcil y venimos viviendo cosas muy dif\u00edciles, y es bueno encontrarse con estos entornos. El arte es una de las formas m\u00e1s elevadas que hay de sanaci\u00f3n y de&nbsp; dar mensajes, y de trascender\u2026 y ah\u00ed te encontr\u00e1s con una persona como Rodolfo, que tiene&nbsp; luz propia,&nbsp; que tiene generosidad, que no se queda con ning\u00fan secretito, que te dice todo lo que sabe, que&nbsp; quiere verte mejorar, que te potencia tus propios dones, y adem\u00e1s te trata bien\u201d, afirm\u00f3 para sentenciar: \u201cLas cosas que llevan tiempo valen la pena\u2026\u201d.<\/p>\n\n\n\n<p>Por su parte, el ex combatiente de Malvinas, Ra\u00fal Bass\u00f3, invitado especial de Insaurralde dijo: \u201cRodolfo tiene un coraz\u00f3n enorme y siempre est\u00e1 dispuesto a ayudar \u2013ya de hace 40 a\u00f1os-\u2026 Te abre las puertas de su casa en remera deportiva, alpargatas o con el termo bajo el brazo y enseguida te arma una ronda de mates, y habla, habla, habla\u201d, coment\u00f3 entre risas.<\/p>\n\n\n\n<p>Vale mencionar que la organizaci\u00f3n del acontecimiento estuvo a cargo de la C\u00e1mara de Diputados, contando con la colaboraci\u00f3n del \u00e1rea de Cultura y Educaci\u00f3n del municipio capitalino.&nbsp;<\/p>\n\n\n\n<figure class=\"wp-block-gallery has-nested-images columns-default is-cropped wp-block-gallery-1 is-layout-flex wp-block-gallery-is-layout-flex\">\n<figure class=\"wp-block-image size-large\"><img loading=\"lazy\" decoding=\"async\" width=\"1024\" height=\"683\" data-id=\"16256\" src=\"https:\/\/corrientesdetarde.com\/wp-content\/uploads\/2022\/11\/inauguracion-0000-1024x683.jpg\" alt=\"\" class=\"wp-image-16256\" srcset=\"https:\/\/corrientesdetarde.com\/wp-content\/uploads\/2022\/11\/inauguracion-0000-1024x683.jpg 1024w, https:\/\/corrientesdetarde.com\/wp-content\/uploads\/2022\/11\/inauguracion-0000-300x200.jpg 300w, https:\/\/corrientesdetarde.com\/wp-content\/uploads\/2022\/11\/inauguracion-0000-768x512.jpg 768w, https:\/\/corrientesdetarde.com\/wp-content\/uploads\/2022\/11\/inauguracion-0000-1536x1025.jpg 1536w, https:\/\/corrientesdetarde.com\/wp-content\/uploads\/2022\/11\/inauguracion-0000-272x182.jpg 272w, https:\/\/corrientesdetarde.com\/wp-content\/uploads\/2022\/11\/inauguracion-0000.jpg 2048w\" sizes=\"auto, (max-width: 1024px) 100vw, 1024px\" \/><\/figure>\n<\/figure>\n\n\n\n<figure class=\"wp-block-image size-large\"><img loading=\"lazy\" decoding=\"async\" width=\"1024\" height=\"768\" src=\"https:\/\/corrientesdetarde.com\/wp-content\/uploads\/2022\/11\/inauguracion-obra-insaurralde-1024x768.jpg\" alt=\"\" class=\"wp-image-16257\" srcset=\"https:\/\/corrientesdetarde.com\/wp-content\/uploads\/2022\/11\/inauguracion-obra-insaurralde-1024x768.jpg 1024w, https:\/\/corrientesdetarde.com\/wp-content\/uploads\/2022\/11\/inauguracion-obra-insaurralde-300x225.jpg 300w, https:\/\/corrientesdetarde.com\/wp-content\/uploads\/2022\/11\/inauguracion-obra-insaurralde-768x576.jpg 768w, https:\/\/corrientesdetarde.com\/wp-content\/uploads\/2022\/11\/inauguracion-obra-insaurralde-1536x1152.jpg 1536w, https:\/\/corrientesdetarde.com\/wp-content\/uploads\/2022\/11\/inauguracion-obra-insaurralde.jpg 2048w\" sizes=\"auto, (max-width: 1024px) 100vw, 1024px\" \/><\/figure>\n\n\n\n<figure class=\"wp-block-image size-large\"><img loading=\"lazy\" decoding=\"async\" width=\"1024\" height=\"683\" src=\"https:\/\/corrientesdetarde.com\/wp-content\/uploads\/2022\/11\/inauguracion-10-1024x683.jpg\" alt=\"\" class=\"wp-image-16258\" srcset=\"https:\/\/corrientesdetarde.com\/wp-content\/uploads\/2022\/11\/inauguracion-10-1024x683.jpg 1024w, https:\/\/corrientesdetarde.com\/wp-content\/uploads\/2022\/11\/inauguracion-10-300x200.jpg 300w, https:\/\/corrientesdetarde.com\/wp-content\/uploads\/2022\/11\/inauguracion-10-768x512.jpg 768w, https:\/\/corrientesdetarde.com\/wp-content\/uploads\/2022\/11\/inauguracion-10-1536x1025.jpg 1536w, https:\/\/corrientesdetarde.com\/wp-content\/uploads\/2022\/11\/inauguracion-10-272x182.jpg 272w, https:\/\/corrientesdetarde.com\/wp-content\/uploads\/2022\/11\/inauguracion-10.jpg 2048w\" sizes=\"auto, (max-width: 1024px) 100vw, 1024px\" \/><\/figure>\n","protected":false},"excerpt":{"rendered":"<p>Obras pict\u00f3ricas hiperrealistas engalanan la Legislatura provincial &nbsp; En un acto cargado de emociones, el artista Rodolfo Insaurralde recibi\u00f3 la Ley 6609 aprobada este a\u00f1o, que lo declara Personalidad Destacada&hellip; <\/p>\n","protected":false},"author":1,"featured_media":16255,"comment_status":"closed","ping_status":"open","sticky":false,"template":"","format":"standard","meta":{"footnotes":""},"categories":[15],"tags":[],"class_list":["post-16254","post","type-post","status-publish","format-standard","has-post-thumbnail","hentry","category-cultura"],"_links":{"self":[{"href":"https:\/\/corrientesdetarde.com\/index.php\/wp-json\/wp\/v2\/posts\/16254","targetHints":{"allow":["GET"]}}],"collection":[{"href":"https:\/\/corrientesdetarde.com\/index.php\/wp-json\/wp\/v2\/posts"}],"about":[{"href":"https:\/\/corrientesdetarde.com\/index.php\/wp-json\/wp\/v2\/types\/post"}],"author":[{"embeddable":true,"href":"https:\/\/corrientesdetarde.com\/index.php\/wp-json\/wp\/v2\/users\/1"}],"replies":[{"embeddable":true,"href":"https:\/\/corrientesdetarde.com\/index.php\/wp-json\/wp\/v2\/comments?post=16254"}],"version-history":[{"count":2,"href":"https:\/\/corrientesdetarde.com\/index.php\/wp-json\/wp\/v2\/posts\/16254\/revisions"}],"predecessor-version":[{"id":16261,"href":"https:\/\/corrientesdetarde.com\/index.php\/wp-json\/wp\/v2\/posts\/16254\/revisions\/16261"}],"wp:featuredmedia":[{"embeddable":true,"href":"https:\/\/corrientesdetarde.com\/index.php\/wp-json\/wp\/v2\/media\/16255"}],"wp:attachment":[{"href":"https:\/\/corrientesdetarde.com\/index.php\/wp-json\/wp\/v2\/media?parent=16254"}],"wp:term":[{"taxonomy":"category","embeddable":true,"href":"https:\/\/corrientesdetarde.com\/index.php\/wp-json\/wp\/v2\/categories?post=16254"},{"taxonomy":"post_tag","embeddable":true,"href":"https:\/\/corrientesdetarde.com\/index.php\/wp-json\/wp\/v2\/tags?post=16254"}],"curies":[{"name":"wp","href":"https:\/\/api.w.org\/{rel}","templated":true}]}}