{"id":162650,"date":"2024-08-29T16:34:10","date_gmt":"2024-08-29T19:34:10","guid":{"rendered":"https:\/\/corrientesdetarde.com\/?p=162650"},"modified":"2024-08-29T16:34:19","modified_gmt":"2024-08-29T19:34:19","slug":"las-insolitas-reacciones-en-las-redes-por-el-nuevo-formato-de-la-champions-league-lo-hizo-el-chiqui-tapia","status":"publish","type":"post","link":"https:\/\/corrientesdetarde.com\/index.php\/deportes\/las-insolitas-reacciones-en-las-redes-por-el-nuevo-formato-de-la-champions-league-lo-hizo-el-chiqui-tapia\/","title":{"rendered":"Las ins\u00f3litas reacciones en las redes por el nuevo formato de la Champions League: \u201cLo hizo el Chiqui Tapia\u201d"},"content":{"rendered":"\n<p>La UEFA elimin\u00f3 la Fase de Grupos de la tradicional competencia de Europa y, ante la confusi\u00f3n de los fan\u00e1ticos, estallaron los memes por la similitud con los torneos de la Argentina.<\/p>\n\n\n\n<p>La UEFA Champions League tiene nuevo formato: 36 equipos disputar\u00e1n una liga en la que cada uno jugar\u00e1 ocho partidos (cuatro de local y cuatro de visitante). Los ocho primeros clasificar\u00e1n directamente a octavos de final, del 9\u00b0 al 24\u00b0 clasificar\u00e1n a un playoff y del 25\u00b0 al 36\u00b0 quedar\u00e1n eliminados.<\/p>\n\n\n\n<p>Los cambios impulsados en el tradicional torneo de Europa provocaron la<strong>&nbsp;reacci\u00f3n de miles de usuarios en las redes sociales<\/strong>, que desplegaron la creatividad y la maldad en proporciones similares.<\/p>\n\n\n\n<p>Muchas personas bromearon con la dificultad para entender c\u00f3mo se jugar\u00e1 uno de los torneos m\u00e1s prestigiosos a nivel clubes que hay en el mundo. Sin embargo, hubo quienes fueron m\u00e1s all\u00e1: \u201cQu\u00e9 horror ese nuevo formato de la Champions,&nbsp;<strong>parece que lo hizo el Chiqui Tapia<\/strong>\u201d.<\/p>\n\n\n\n<p>Sin embargo, tambi\u00e9n hubo quien defendi\u00f3 al presidente de la AFA: \u201c<strong>36 equipos y no hay descensos<\/strong>&#8230; Nadie dice nada. Ah, pero si fuera del Chiqui Tapia, lo saldr\u00edan a matar\u201d.<\/p>\n\n\n\n<h2 class=\"wp-block-heading\">Los mejores memes y reacciones tras el sorteo de la Champions League<\/h2>\n\n\n\n<figure class=\"wp-block-image\"><img decoding=\"async\" src=\"https:\/\/tn.com.ar\/resizer\/v2\/las-reacciones-en-redes-sociales-por-el-nuevo-formato-de-la-champions-league-227NMSZ22ZDJLNKNZHI4B4PCQM.PNG?auth=573e2debd90aec34145aeb98855fd41bed327f0ee44890f9823b544a494f216b&amp;width=767\" alt=\"Las reacciones en redes sociales por el nuevo formato de la Champions League\"\/><figcaption class=\"wp-element-caption\">Las reacciones en redes sociales por el nuevo formato de la Champions League<\/figcaption><\/figure>\n\n\n\n<figure class=\"wp-block-image\"><img decoding=\"async\" src=\"https:\/\/tn.com.ar\/resizer\/v2\/las-reacciones-en-redes-sociales-por-el-nuevo-formato-de-la-champions-league-5FVI4HX7FRCOZDI5CI24PG4HFY.PNG?auth=22fb65c5cb28cc9bd25eae8f8cd3567440bcb9074a20c2b828be8deafd4cf809&amp;width=767\" alt=\"Las reacciones en redes sociales por el nuevo formato de la Champions League\"\/><figcaption class=\"wp-element-caption\">Las reacciones en redes sociales por el nuevo formato de la Champions League<\/figcaption><\/figure>\n\n\n\n<figure class=\"wp-block-image\"><img decoding=\"async\" src=\"https:\/\/tn.com.ar\/resizer\/v2\/las-reacciones-en-redes-sociales-por-el-nuevo-formato-de-la-champions-league-foto-captura-de-x-GEQZDTFVBFBKBHDXCIYMHU4RYQ.PNG?auth=ef5ffe92afee23f1c60070d6aacad3c7112bf455bc029d57a411f7da9e586b6d&amp;width=767\" alt=\"Las reacciones en redes sociales por el nuevo formato de la Champions League. (Foto: captura de X)\"\/><\/figure>\n\n\n\n<p><\/p>\n\n\n\n<figure class=\"wp-block-image\"><img decoding=\"async\" src=\"https:\/\/tn.com.ar\/resizer\/v2\/las-reacciones-en-redes-sociales-por-el-nuevo-formato-de-la-champions-league-HFKWPEXU5REFVL5AOHDRAPOHLE.PNG?auth=0d36dc6ea94c3789027ad27ff0247662cd76599ec7f6b1189881985049a4329f&amp;width=767\" alt=\"Las reacciones en redes sociales por el nuevo formato de la Champions League\"\/><figcaption class=\"wp-element-caption\">Las reacciones en redes sociales por el nuevo formato de la Champions League<\/figcaption><\/figure>\n\n\n\n<figure class=\"wp-block-image\"><img decoding=\"async\" src=\"https:\/\/tn.com.ar\/resizer\/v2\/las-reacciones-en-redes-sociales-por-el-nuevo-formato-de-la-champions-league-UKUCETGWZJGDNFHLDOBFU4XP3I.PNG?auth=225fe0792bc685597768e83928a7b78d62b2920be4e57c575a2e75f7c0ebc35f&amp;width=767\" alt=\"Las reacciones en redes sociales por el nuevo formato de la Champions League\"\/><figcaption class=\"wp-element-caption\">Las reacciones en redes sociales por el nuevo formato de la Champions League<\/figcaption><\/figure>\n\n\n\n<figure class=\"wp-block-image\"><img decoding=\"async\" src=\"https:\/\/tn.com.ar\/resizer\/v2\/las-reacciones-en-redes-sociales-por-el-nuevo-formato-de-la-champions-league-F66OPXP4GFACPLM3KWSIIKY3DU.PNG?auth=337c61bdfb4636eabb9ebd95f3ebd840a4391856502f37aa0ea2a55e2f6040e7&amp;width=767\" alt=\"Las reacciones en redes sociales por el nuevo formato de la Champions League\"\/><figcaption class=\"wp-element-caption\">Las reacciones en redes sociales por el nuevo formato de la Champions League<\/figcaption><\/figure>\n\n\n\n<h2 class=\"wp-block-heading\">C\u00f3mo es el nuevo formato de la Champions League<\/h2>\n\n\n\n<p>Se elimin\u00f3 la Fase de Grupos y<strong>&nbsp;la primera instancia se llamar\u00e1 \u201cFase de Liga\u201d<\/strong>. Cada conjunto jugar\u00e1 cuatro partidos en su cancha y otros cuatro fuera de su casa; por supuesto, cada victoria vale tres puntos, el empate uno y la derrota no suma.<\/p>\n\n\n\n<p>Todos los resultados se computar\u00e1n en una tabla general que definir\u00e1 los clasificados:&nbsp;<strong>del 1\u00b0 al 8\u00b0 avanzar\u00e1n directamente<\/strong>&nbsp;a octavos de final.&nbsp;<strong>Del 9\u00b0 al 24\u00b0 se enfrentar\u00e1n en un playoff<\/strong>. Desde el 25\u00b0 al 36\u00b0 quedar\u00e1n eliminados y no podr\u00e1n disputar otra competencia de menor nivel.<\/p>\n\n\n\n<p>Una vez definidos los 16 equipos de los octavos de final,&nbsp;<strong>la Champions League tendr\u00e1 el curso normal de las fases eliminatorias<\/strong>.<\/p>\n","protected":false},"excerpt":{"rendered":"<p>La UEFA elimin\u00f3 la Fase de Grupos de la tradicional competencia de Europa y, ante la confusi\u00f3n de los fan\u00e1ticos, estallaron los memes por la similitud con los torneos de&hellip; <\/p>\n","protected":false},"author":8,"featured_media":162651,"comment_status":"closed","ping_status":"open","sticky":false,"template":"","format":"standard","meta":{"footnotes":""},"categories":[4],"tags":[],"class_list":["post-162650","post","type-post","status-publish","format-standard","has-post-thumbnail","hentry","category-deportes"],"_links":{"self":[{"href":"https:\/\/corrientesdetarde.com\/index.php\/wp-json\/wp\/v2\/posts\/162650","targetHints":{"allow":["GET"]}}],"collection":[{"href":"https:\/\/corrientesdetarde.com\/index.php\/wp-json\/wp\/v2\/posts"}],"about":[{"href":"https:\/\/corrientesdetarde.com\/index.php\/wp-json\/wp\/v2\/types\/post"}],"author":[{"embeddable":true,"href":"https:\/\/corrientesdetarde.com\/index.php\/wp-json\/wp\/v2\/users\/8"}],"replies":[{"embeddable":true,"href":"https:\/\/corrientesdetarde.com\/index.php\/wp-json\/wp\/v2\/comments?post=162650"}],"version-history":[{"count":1,"href":"https:\/\/corrientesdetarde.com\/index.php\/wp-json\/wp\/v2\/posts\/162650\/revisions"}],"predecessor-version":[{"id":162652,"href":"https:\/\/corrientesdetarde.com\/index.php\/wp-json\/wp\/v2\/posts\/162650\/revisions\/162652"}],"wp:featuredmedia":[{"embeddable":true,"href":"https:\/\/corrientesdetarde.com\/index.php\/wp-json\/wp\/v2\/media\/162651"}],"wp:attachment":[{"href":"https:\/\/corrientesdetarde.com\/index.php\/wp-json\/wp\/v2\/media?parent=162650"}],"wp:term":[{"taxonomy":"category","embeddable":true,"href":"https:\/\/corrientesdetarde.com\/index.php\/wp-json\/wp\/v2\/categories?post=162650"},{"taxonomy":"post_tag","embeddable":true,"href":"https:\/\/corrientesdetarde.com\/index.php\/wp-json\/wp\/v2\/tags?post=162650"}],"curies":[{"name":"wp","href":"https:\/\/api.w.org\/{rel}","templated":true}]}}