{"id":162653,"date":"2024-08-29T16:35:44","date_gmt":"2024-08-29T19:35:44","guid":{"rendered":"https:\/\/corrientesdetarde.com\/?p=162653"},"modified":"2024-08-29T16:35:49","modified_gmt":"2024-08-29T19:35:49","slug":"ordenaron-allanar-el-ministerio-de-capital-humano-por-la-causa-de-los-alimentos-almacenados-en-los-depositos","status":"publish","type":"post","link":"https:\/\/corrientesdetarde.com\/index.php\/politica\/ordenaron-allanar-el-ministerio-de-capital-humano-por-la-causa-de-los-alimentos-almacenados-en-los-depositos\/","title":{"rendered":"Ordenaron allanar el Ministerio de Capital Humano por la causa de los alimentos almacenados en los dep\u00f3sitos"},"content":{"rendered":"\n<p>As\u00ed lo dispuso el juez Sebasti\u00e1n Casanello, como parte de la medida cautelar que obliga a la cartera de Sandra Pettovello a entregar las 6 mil toneladas de productos retenidos en los galpones. Se buscaba secuestrar documentaci\u00f3n y computadoras.<\/p>\n\n\n\n<p>El juez<strong>\u00a0Sebasti\u00e1n Casanello<\/strong>\u00a0orden\u00f3 este jueves allanar las oficinas de la Direcci\u00f3n de Log\u00edstica del Ministerio de Capital Humano para secuestrar documentaci\u00f3n y computadoras con informaci\u00f3n sobre la log\u00edstica, stock y fechas de entrega de los productos.<\/p>\n\n\n\n<p>Se dio como parte de la medida cautelar dictada por el Juzgado Criminal y Correccional Federal 7 que obliga al Ministerio de Capital Humano a cargo de Sandra Pettovello a repartir las<strong>&nbsp;6 mil toneladas de alimentos retenidas en galpones<\/strong>. El juzgado a\u00fan no ha informado los resultados del allanamiento.<\/p>\n","protected":false},"excerpt":{"rendered":"<p>As\u00ed lo dispuso el juez Sebasti\u00e1n Casanello, como parte de la medida cautelar que obliga a la cartera de Sandra Pettovello a entregar las 6 mil toneladas de productos retenidos&hellip; <\/p>\n","protected":false},"author":8,"featured_media":162654,"comment_status":"closed","ping_status":"open","sticky":false,"template":"","format":"standard","meta":{"footnotes":""},"categories":[3],"tags":[],"class_list":["post-162653","post","type-post","status-publish","format-standard","has-post-thumbnail","hentry","category-politica"],"_links":{"self":[{"href":"https:\/\/corrientesdetarde.com\/index.php\/wp-json\/wp\/v2\/posts\/162653","targetHints":{"allow":["GET"]}}],"collection":[{"href":"https:\/\/corrientesdetarde.com\/index.php\/wp-json\/wp\/v2\/posts"}],"about":[{"href":"https:\/\/corrientesdetarde.com\/index.php\/wp-json\/wp\/v2\/types\/post"}],"author":[{"embeddable":true,"href":"https:\/\/corrientesdetarde.com\/index.php\/wp-json\/wp\/v2\/users\/8"}],"replies":[{"embeddable":true,"href":"https:\/\/corrientesdetarde.com\/index.php\/wp-json\/wp\/v2\/comments?post=162653"}],"version-history":[{"count":1,"href":"https:\/\/corrientesdetarde.com\/index.php\/wp-json\/wp\/v2\/posts\/162653\/revisions"}],"predecessor-version":[{"id":162655,"href":"https:\/\/corrientesdetarde.com\/index.php\/wp-json\/wp\/v2\/posts\/162653\/revisions\/162655"}],"wp:featuredmedia":[{"embeddable":true,"href":"https:\/\/corrientesdetarde.com\/index.php\/wp-json\/wp\/v2\/media\/162654"}],"wp:attachment":[{"href":"https:\/\/corrientesdetarde.com\/index.php\/wp-json\/wp\/v2\/media?parent=162653"}],"wp:term":[{"taxonomy":"category","embeddable":true,"href":"https:\/\/corrientesdetarde.com\/index.php\/wp-json\/wp\/v2\/categories?post=162653"},{"taxonomy":"post_tag","embeddable":true,"href":"https:\/\/corrientesdetarde.com\/index.php\/wp-json\/wp\/v2\/tags?post=162653"}],"curies":[{"name":"wp","href":"https:\/\/api.w.org\/{rel}","templated":true}]}}