{"id":162656,"date":"2024-08-29T16:38:48","date_gmt":"2024-08-29T19:38:48","guid":{"rendered":"https:\/\/corrientesdetarde.com\/?p=162656"},"modified":"2024-08-29T16:38:52","modified_gmt":"2024-08-29T19:38:52","slug":"angelina-jolie-llego-a-venecia-mas-rubia-que-nunca-y-reafirmo-el-vestido-largo-como-prenda-de-dia","status":"publish","type":"post","link":"https:\/\/corrientesdetarde.com\/index.php\/tendencias\/angelina-jolie-llego-a-venecia-mas-rubia-que-nunca-y-reafirmo-el-vestido-largo-como-prenda-de-dia\/","title":{"rendered":"Angelina Jolie lleg\u00f3 a Venecia m\u00e1s rubia que nunca y reafirm\u00f3 el vestido largo como prenda de d\u00eda"},"content":{"rendered":"\n<p>Desembarc\u00f3 en la ciudad italiana con un look marr\u00f3n de pies a cabeza y luego eligi\u00f3 un dise\u00f1o negro ajustado al cuerpo para promocionar su pel\u00edcula \u201cMar\u00eda\u201d.<\/p>\n\n\n\n<p>La primera alfombra roja del\u00a0Festival de Cine de Venecia\u00a0ya se inaugur\u00f3 con la presencia de figuras como\u00a0Cate Blanchett y\u00a0Winona Ryder, pero el\u00a0glamour\u00a0no se limita solo a la\u00a0red carpet. La llegada de las estrellas a Lido Beach, donde se celebra el evento, siempre es un despliegue de estilo y\u00a0Angelina Jolie\u00a0estuvo a la altura.<\/p>\n\n\n\n<p>La actriz, que lleg\u00f3 a la ciudad italiana para promocionar la pel\u00edcula&nbsp;<em><strong>Mar\u00eda<\/strong><\/em><em>,<\/em>&nbsp;fue capturada por los&nbsp;<em>paparazzis<\/em>&nbsp;con una impecable apuesta de verano, sobria y elegante pero sin dejar de lado las tendencias: eligi\u00f3 un&nbsp;<strong>vestido largo en color caf\u00e9.<\/strong><\/p>\n\n\n\n<figure class=\"wp-block-image\"><img decoding=\"async\" src=\"https:\/\/tn.com.ar\/resizer\/v2\/angelina-jolie-en-su-llegada-a-venecia-foto-reuterslouisa-gouliamaki-5JULREXEADFVGGYL2X2AMJMQKM.jpg?auth=1a944e44a1aaffee883d40507d41f51e59165290ca943bd0a94ee6aa468f16cd&amp;width=767\" alt=\"Angelina Jolie en su llegada a Venecia. (Foto: REUTERS\/Louisa Gouliamaki) \"\/><\/figure>\n\n\n\n<p>El dise\u00f1o se destaca por su silueta fluida y delicada con&nbsp;<strong>nido de abeja bajo el escote y las hombros<\/strong>&nbsp;y varias capas transl\u00facidas en al falda que reforzaron el aspecto et\u00e9reo de la prenda, una tendencia en alza. El&nbsp;<strong>entramado de relieves en el frente<\/strong>, a la altura del torso, que aporta originalidad y volumen.<\/p>\n\n\n\n<figure class=\"wp-block-image\"><img decoding=\"async\" src=\"https:\/\/tn.com.ar\/resizer\/v2\/angelina-jolie-desplego-estilo-con-un-vestido-texturado-foto-reuterslouisa-gouliamaki-4WLMAEZ64MXASQ6X72UGY3RKVE.jpg?auth=8d241a56f952bc9c6f868002375776126ebac6fb7a56032b453d2dd3a7ac0f62&amp;width=767\" alt=\"Angelina Jolie despleg\u00f3 estilo con un vestido texturado. (Foto: REUTERS\/Louisa Gouliamaki)\"\/><\/figure>\n\n\n\n<p>Sofisticada, apost\u00f3 al monocromo y combin\u00f3 el vestido con&nbsp;<strong>stilettos al tono,&nbsp;<\/strong>con terminaci\u00f3n en punta. Sum\u00f3 joyer\u00eda plateada con pedrer\u00eda y un&nbsp;<em>beauty look<\/em>&nbsp;natural que incluy\u00f3 un sutil delineado en la mirada acompa\u00f1ado de sombras,&nbsp;<em>gloss<\/em>&nbsp;en los labios y&nbsp;<strong>el pelo suelto con raya al medio<\/strong>, que actualmente lleva en un tono&nbsp;<strong>rubio miel<\/strong>, un poco m\u00e1s claro que en sus \u00faltimas apariciones.<\/p>\n\n\n\n<figure class=\"wp-block-image\"><img decoding=\"async\" src=\"https:\/\/tn.com.ar\/resizer\/v2\/angelina-jolie-complemento-apuesta-con-un-beauty-look-al-natural-foto-reuterslouisa-gouliamaki-B2CJXFZO3ZS5MDXVJ7CP27IXPA.jpg?auth=b07e81368a0abb404c3f3b81f217122c01809154023dde21432891c91a4bfaa4&amp;width=767\" alt=\"Angelina Jolie complement\u00f3 apuesta con un beauty look al natural. (Foto: REUTERS\/Louisa Gouliamaki)\"\/><\/figure>\n\n\n\n<p>Pocas horas despu\u00e9s de su llegada, para un evento de prensa de la pel\u00edcula, Jolie se cambi\u00f3 el vestido marr\u00f3n por un cl\u00e1sico&nbsp;<strong>negro<\/strong>, tambi\u00e9n largo. En esta oportunidad, opt\u00f3 por un modelo de terciopelo<strong>&nbsp;sin mangas y<\/strong>&nbsp;<strong>ajustado al cuerpo<\/strong>&nbsp;con falda sirena que acompa\u00f1\u00f3 con un broche de pedrer\u00eda en el pecho.<\/p>\n\n\n\n<figure class=\"wp-block-image\"><img decoding=\"async\" src=\"https:\/\/tn.com.ar\/resizer\/v2\/angelina-jolie-aposto-al-negro-para-uno-de-sus-primeros-eventos-en-venecia-photo-by-vianney-le-caerinvisionap-TJOTUJ4W5NEBJBVFXVTYNSVXPE.jpeg?auth=cd242adb641d27a28e484ec30b38f2bfe535a71ec0c09164403f7746ba62e6d8&amp;width=767\" alt=\"Angelina Jolie apost\u00f3 al negro para uno de sus primeros eventos en Venecia. (Photo by Vianney Le Caer\/Invision\/AP)\"\/><figcaption class=\"wp-element-caption\">Angelina Jolie apost\u00f3 al negro para uno de sus primeros eventos en Venecia. <\/figcaption><\/figure>\n\n\n\n<figure class=\"wp-block-image\"><img decoding=\"async\" src=\"https:\/\/tn.com.ar\/resizer\/v2\/angelina-jolie-camino-a-la-conferencia-de-prensa-de-la-pelicula-maria-foto-reuterslouisa-gouliamaki-6V6OSB3NWK35XWACPBVLB34JMQ.jpg?auth=79ec2ade9aa867b27a5b0e18b3c4c24a3e3e183274d4c9b76442b0b3a6690005&amp;width=767\" alt=\"Angelina Jolie camino a la conferencia de prensa de la pel\u00edcula &quot;Mar\u00eda&quot;. (Foto: REUTERS\/Louisa Gouliamaki)\"\/><figcaption class=\"wp-element-caption\">Angelina Jolie camino a la conferencia de prensa de la pel\u00edcula &#8220;Mar\u00eda&#8221;. <\/figcaption><\/figure>\n\n\n\n<p>Una vez m\u00e1s, el vestido liso y sobrio fue el protagonista del vestuario (que en algunos momentos del d\u00eda acompa\u00f1\u00f3 con anteojos de sol negros) y la actriz reafirm\u00f3 que la premisa \u201cmenos es m\u00e1s\u201d puede dar como resultado las apuestas m\u00e1s elegantes.<\/p>\n","protected":false},"excerpt":{"rendered":"<p>Desembarc\u00f3 en la ciudad italiana con un look marr\u00f3n de pies a cabeza y luego eligi\u00f3 un dise\u00f1o negro ajustado al cuerpo para promocionar su pel\u00edcula \u201cMar\u00eda\u201d. La primera alfombra&hellip; <\/p>\n","protected":false},"author":8,"featured_media":162657,"comment_status":"closed","ping_status":"open","sticky":false,"template":"","format":"standard","meta":{"footnotes":""},"categories":[28],"tags":[],"class_list":["post-162656","post","type-post","status-publish","format-standard","has-post-thumbnail","hentry","category-tendencias"],"_links":{"self":[{"href":"https:\/\/corrientesdetarde.com\/index.php\/wp-json\/wp\/v2\/posts\/162656","targetHints":{"allow":["GET"]}}],"collection":[{"href":"https:\/\/corrientesdetarde.com\/index.php\/wp-json\/wp\/v2\/posts"}],"about":[{"href":"https:\/\/corrientesdetarde.com\/index.php\/wp-json\/wp\/v2\/types\/post"}],"author":[{"embeddable":true,"href":"https:\/\/corrientesdetarde.com\/index.php\/wp-json\/wp\/v2\/users\/8"}],"replies":[{"embeddable":true,"href":"https:\/\/corrientesdetarde.com\/index.php\/wp-json\/wp\/v2\/comments?post=162656"}],"version-history":[{"count":1,"href":"https:\/\/corrientesdetarde.com\/index.php\/wp-json\/wp\/v2\/posts\/162656\/revisions"}],"predecessor-version":[{"id":162658,"href":"https:\/\/corrientesdetarde.com\/index.php\/wp-json\/wp\/v2\/posts\/162656\/revisions\/162658"}],"wp:featuredmedia":[{"embeddable":true,"href":"https:\/\/corrientesdetarde.com\/index.php\/wp-json\/wp\/v2\/media\/162657"}],"wp:attachment":[{"href":"https:\/\/corrientesdetarde.com\/index.php\/wp-json\/wp\/v2\/media?parent=162656"}],"wp:term":[{"taxonomy":"category","embeddable":true,"href":"https:\/\/corrientesdetarde.com\/index.php\/wp-json\/wp\/v2\/categories?post=162656"},{"taxonomy":"post_tag","embeddable":true,"href":"https:\/\/corrientesdetarde.com\/index.php\/wp-json\/wp\/v2\/tags?post=162656"}],"curies":[{"name":"wp","href":"https:\/\/api.w.org\/{rel}","templated":true}]}}