{"id":162665,"date":"2024-08-29T16:56:21","date_gmt":"2024-08-29T19:56:21","guid":{"rendered":"https:\/\/corrientesdetarde.com\/?p=162665"},"modified":"2024-08-29T16:57:23","modified_gmt":"2024-08-29T19:57:23","slug":"salud-publica-capacito-sobre-estrategias-de-tamizaje-para-enfermedades-infecciosas","status":"publish","type":"post","link":"https:\/\/corrientesdetarde.com\/index.php\/bienestar-y-salud\/salud-publica-capacito-sobre-estrategias-de-tamizaje-para-enfermedades-infecciosas\/","title":{"rendered":"Salud P\u00fablica capacit\u00f3 sobre estrategias de tamizaje para enfermedades infecciosas"},"content":{"rendered":"\n<p><em>Abordaron temas como VIH\/Sida, Infecciones de Transmisi\u00f3n Sexual (ITS) y Dengue. Se desarroll\u00f3 tambi\u00e9n de menara virtual y cont\u00f3 con la disertaci\u00f3n de destacados especialistas.<\/em><\/p>\n\n\n\n<p>El Ministerio de Salud P\u00fablica, a cargo de Ricardo Cardozo, realiz\u00f3 el encuentro Progresos y Desaf\u00edos: Nuevas Estrategias de Tamizaje para Enfermedades Infecciosas en el Hospital de Campa\u00f1a Escuela Hogar. Los temas centrales del evento fueron HIV\/Sida, Infecciones de Transmisi\u00f3n Sexual (ITS) y Dengue. Participaron m\u00e1s de 250 personas.<\/p>\n\n\n\n<p>En el acto de apertura, la subsecretaria de Gesti\u00f3n Sanitaria, Silvina Vega Bajo, agradeci\u00f3 la participaci\u00f3n de los presentes y transmiti\u00f3 el saludo del ministro de Salud, Ricardo Cardozo. Asimismo, destac\u00f3 la capacitaci\u00f3n que se realiz\u00f3 en el SUM y a Abbott (empresa sponsor de la jornada) una compa\u00f1\u00eda que acerc\u00f3 disertantes internacionales que participan en el simposio de la Hu\u00e9sped.<\/p>\n\n\n\n<p>\u201cEs una experiencia maravillosa, esto servir\u00e1 para fortalecer la formaci\u00f3n y a su vez la salud\u201d, expres\u00f3 la subsecretaria&nbsp;<strong>Silvina Vega Bajo<\/strong>&nbsp;quien dio apertura al acto.<\/p>\n\n\n\n<p>Por su parte, la directora general de Epidemiolog\u00eda,&nbsp;<strong>Angelina Bobadilla<\/strong>, sostuvo que \u201cla calidad se logra con esfuerzo, tiempo y aprendizaje, as\u00ed podemos dar lo mejor como profesionales\u201d.<\/p>\n\n\n\n<p>\u201cEn la jornada se tratan estrategias innovadoras. lo que est\u00e1n aplicando en el mundo y nosotros mostraremos c\u00f3mo estamos trabajando para, a la vez, saber c\u00f3mo trabajar en la modernizaci\u00f3n\u201d, indic\u00f3 Bobadilla.<\/p>\n\n\n\n<p>Adem\u00e1s, se\u00f1al\u00f3 que el VIH\/Sida fue uno de los temas centrales en la jornada y que \u201csigue creciendo en el mundo\u201d. Agreg\u00f3 que \u201cotro de los virus que golpea a la poblaci\u00f3n es el Dengue\u201d. En este sentido, record\u00f3 que en Corrientes hay un plan de vacunaci\u00f3n dirigido a personas entre 20 y 40 a\u00f1os.&nbsp;<\/p>\n\n\n\n<p>La directora m\u00e9dica del Hospital de Campa\u00f1a Escuela Hogar,&nbsp;<strong>Anal\u00eda Gim\u00e9nez<\/strong>, tambi\u00e9n acompa\u00f1\u00f3 en el encuentro y expres\u00f3 su agrado ante la presencia de tantas personas en una jornada tan importante para la salud p\u00fablica.<\/p>\n\n\n\n<p>A su turno, Franco Ivern, representante de la empresa Abbott, dijo que \u201cestamos muy contentos de poder contribuir, hace 30 a\u00f1os estamos distribuyendo los productos en siete provincias\u201d. Indic\u00f3 que en dicha jornada disertar\u00e1n por Abbott el doctor Guerra quien es m\u00e9dico, especialista en Enfermedades Infecciosas y Tropicales y, Lina Mart\u00ednez quien es bacteri\u00f3loga y laboratorista cl\u00ednica, especialista en gerencia de mercadeo.<\/p>\n\n\n\n<p>Otro de los disertantes y quien dio inici\u00f3 la jornada fue Fernando Achinelli. \u00c9l es m\u00e9dico especialista en Medicina Interna e Infectolog\u00eda, jefe del \u00c1rea de Infectolog\u00eda y Control de Infecciones (Hospital \u00c1ngela Iglesia de Llano, Corrientes Capital), coordinador del Servicio de Infectolog\u00eda y Control de Infecciones (Hospital de Campa\u00f1a \u201cEscuela Hogar\u201d.<\/p>\n\n\n\n<figure class=\"wp-block-image size-large\"><img loading=\"lazy\" decoding=\"async\" width=\"1024\" height=\"768\" src=\"https:\/\/corrientesdetarde.com\/wp-content\/uploads\/2024\/08\/image-1002-1024x768.png\" alt=\"\" class=\"wp-image-162666\" srcset=\"https:\/\/corrientesdetarde.com\/wp-content\/uploads\/2024\/08\/image-1002-1024x768.png 1024w, https:\/\/corrientesdetarde.com\/wp-content\/uploads\/2024\/08\/image-1002-300x225.png 300w, https:\/\/corrientesdetarde.com\/wp-content\/uploads\/2024\/08\/image-1002-768x576.png 768w, https:\/\/corrientesdetarde.com\/wp-content\/uploads\/2024\/08\/image-1002-1536x1152.png 1536w, https:\/\/corrientesdetarde.com\/wp-content\/uploads\/2024\/08\/image-1002.png 1600w\" sizes=\"auto, (max-width: 1024px) 100vw, 1024px\" \/><\/figure>\n\n\n\n<figure class=\"wp-block-image size-large\"><img loading=\"lazy\" decoding=\"async\" width=\"1024\" height=\"768\" src=\"https:\/\/corrientesdetarde.com\/wp-content\/uploads\/2024\/08\/image-1004-1024x768.png\" alt=\"\" class=\"wp-image-162668\" srcset=\"https:\/\/corrientesdetarde.com\/wp-content\/uploads\/2024\/08\/image-1004-1024x768.png 1024w, https:\/\/corrientesdetarde.com\/wp-content\/uploads\/2024\/08\/image-1004-300x225.png 300w, https:\/\/corrientesdetarde.com\/wp-content\/uploads\/2024\/08\/image-1004-768x576.png 768w, https:\/\/corrientesdetarde.com\/wp-content\/uploads\/2024\/08\/image-1004-1536x1152.png 1536w, https:\/\/corrientesdetarde.com\/wp-content\/uploads\/2024\/08\/image-1004.png 1600w\" sizes=\"auto, (max-width: 1024px) 100vw, 1024px\" \/><\/figure>\n","protected":false},"excerpt":{"rendered":"<p>Abordaron temas como VIH\/Sida, Infecciones de Transmisi\u00f3n Sexual (ITS) y Dengue. Se desarroll\u00f3 tambi\u00e9n de menara virtual y cont\u00f3 con la disertaci\u00f3n de destacados especialistas. El Ministerio de Salud P\u00fablica,&hellip; <\/p>\n","protected":false},"author":8,"featured_media":162667,"comment_status":"closed","ping_status":"open","sticky":false,"template":"","format":"standard","meta":{"footnotes":""},"categories":[16],"tags":[],"class_list":["post-162665","post","type-post","status-publish","format-standard","has-post-thumbnail","hentry","category-bienestar-y-salud"],"_links":{"self":[{"href":"https:\/\/corrientesdetarde.com\/index.php\/wp-json\/wp\/v2\/posts\/162665","targetHints":{"allow":["GET"]}}],"collection":[{"href":"https:\/\/corrientesdetarde.com\/index.php\/wp-json\/wp\/v2\/posts"}],"about":[{"href":"https:\/\/corrientesdetarde.com\/index.php\/wp-json\/wp\/v2\/types\/post"}],"author":[{"embeddable":true,"href":"https:\/\/corrientesdetarde.com\/index.php\/wp-json\/wp\/v2\/users\/8"}],"replies":[{"embeddable":true,"href":"https:\/\/corrientesdetarde.com\/index.php\/wp-json\/wp\/v2\/comments?post=162665"}],"version-history":[{"count":2,"href":"https:\/\/corrientesdetarde.com\/index.php\/wp-json\/wp\/v2\/posts\/162665\/revisions"}],"predecessor-version":[{"id":162670,"href":"https:\/\/corrientesdetarde.com\/index.php\/wp-json\/wp\/v2\/posts\/162665\/revisions\/162670"}],"wp:featuredmedia":[{"embeddable":true,"href":"https:\/\/corrientesdetarde.com\/index.php\/wp-json\/wp\/v2\/media\/162667"}],"wp:attachment":[{"href":"https:\/\/corrientesdetarde.com\/index.php\/wp-json\/wp\/v2\/media?parent=162665"}],"wp:term":[{"taxonomy":"category","embeddable":true,"href":"https:\/\/corrientesdetarde.com\/index.php\/wp-json\/wp\/v2\/categories?post=162665"},{"taxonomy":"post_tag","embeddable":true,"href":"https:\/\/corrientesdetarde.com\/index.php\/wp-json\/wp\/v2\/tags?post=162665"}],"curies":[{"name":"wp","href":"https:\/\/api.w.org\/{rel}","templated":true}]}}