{"id":162671,"date":"2024-08-29T16:59:18","date_gmt":"2024-08-29T19:59:18","guid":{"rendered":"https:\/\/corrientesdetarde.com\/?p=162671"},"modified":"2024-08-29T16:59:23","modified_gmt":"2024-08-29T19:59:23","slug":"corrientes-adquirio-una-obra-de-carlos-alonso-para-el-museo-provincial-de-bellas-artes","status":"publish","type":"post","link":"https:\/\/corrientesdetarde.com\/index.php\/cultura\/corrientes-adquirio-una-obra-de-carlos-alonso-para-el-museo-provincial-de-bellas-artes\/","title":{"rendered":"Corrientes adquiri\u00f3 una obra de Carlos Alonso para el Museo Provincial de Bellas Artes"},"content":{"rendered":"\n<p>El Gobierno de la Provincia de Corrientes, a trav\u00e9s del Instituto de Cultura, participa de arteba, que hoy abri\u00f3 sus puertas en el predio del Centro Costa Salguero de la Ciudad de Buenos Aires, y concret\u00f3 la adquisici\u00f3n de una obra de Carlos Alonso, que se sumar\u00e1 al patrimonio del Museo de Artes \u201cDr. Juan R. Vidal\u201d, a trav\u00e9s del Programa de Adquisiciones de Museos de la Fundaci\u00f3n arteBA.<\/p>\n\n\n\n<p>La presidente del Instituto de Cultura de Corrientes, Beatriz Kunin, fue la encargada de la selecci\u00f3n, en esta nueva edici\u00f3n de la feria m\u00e1s importante de las artes visuales del pa\u00eds, con el asesoramiento del Arq. Gabriel Romero, decano de la Facultad de Artes, Dise\u00f1o y Ciencias de la Cultura de la UNNE.<\/p>\n\n\n\n<p>Se trata de &#8220;Super carne I&#8221;, un acr\u00edlico sobre tela, de 1973, que pasar\u00e1 a integrar la colecci\u00f3n del Museo de Bellas Artes. De esta manera, ser\u00e1 la primera obra del reconocido artista mendocino que se incorpora al patrimonio del museo provincial.<\/p>\n\n\n\n<p>&#8220;No puede pensarse la historia del \u00faltimo medio siglo de la Argentina sin la obra de Carlos Alonso. Es un hilo que la tensa, la denuncia, la interpela y la enmienda, al tiempo que la sabe irreparable\u201d, destac\u00f3 el director del Museo Nacional de Bellas Artes, Andr\u00e9s Duprat sobre la obra de Alonso.<\/p>\n\n\n\n<p>La violencia sobre los cuerpos se transform\u00f3 en un tema recurrente en su obra, con fuerte impronta pol\u00edtica y social. Tras el golpe de Estado de 1976 y la desaparici\u00f3n de su hija, Paloma Alonso, se exili\u00f3 en Roma y en 1979 se mud\u00f3 a Madrid. Regres\u00f3 al pa\u00eds en 1981 y se instal\u00f3 en C\u00f3rdoba, donde vive actualmente.<\/p>\n\n\n\n<p><strong>Participaci\u00f3n<\/strong><\/p>\n\n\n\n<p>Kunin recorri\u00f3 la Feria y fue recibida por Larisa Andreani, presidenta de arteba, y dialog\u00f3 con pares y autoridades nacionales para establecer futuras acciones.<\/p>\n\n\n\n<p>Cabe destacar que, en ediciones anteriores, a trav\u00e9s del Programa de Adquisiciones de Museos de la Fundaci\u00f3n arteba, el Gobierno provincial adquiri\u00f3 para el Museo Pcial. de Bellas Artes &#8220;Dr. Juan R. Vidal&#8221;: Polinya\u201d,1967 de Carlos Silva, \u201c0154 Serie apertura\u201d, 2011\u201d de Ra\u00fal \u201cP\u00e1jaro\u201d G\u00f3mez, \u201cBurbujas y flores\u201d, 2007 de Leo Chiachio y Daniel Giannone y &#8220;Boceto&#8221; de Antonio Berni en 2022.<\/p>\n\n\n\n<p><strong>Vida y obra<\/strong><\/p>\n\n\n\n<p>Carlos Alonso es un destacado pintor, grabador y dibujante que naci\u00f3 en Tunuy\u00e1n, Mendoza, el 4 de febrero de 1929.<\/p>\n\n\n\n<p>En 1944 ingresa en la Academia Nacional de Bellas Artes de Cuyo, su maestro de dibujo es Sergio Sergi, de pintura Francisco Bemareggi y Ram\u00f3n G\u00f3mez Cornet y en escultura Lorenzo Dom\u00ednguez.<\/p>\n\n\n\n<p>En 1950 viaja a Tucum\u00e1n para estudiar con Lino Enea Spilimbergo, V\u00edctor Rebufo, Pompeyo Audivert y Lajos Szalay. En 1953 viaja a Buenos Aires y realiza una exposici\u00f3n en la galer\u00eda de Domingo Viau. En 1962, la exposici\u00f3n &#8220;Blanco y Negro&#8221; en la galer\u00eda Riobo\u00f3 presentando 41 collages. En 1967 expone 80 obras en Art Gallery International. En 1974, la exposici\u00f3n en homenaje a Vincent Van Gogh en Art Gallery Internacional. En 1981, luego de vivir en Italia y Madrid, se radica en Unquillo, C\u00f3rdoba, el pueblo donde viviera los \u00faltimos a\u00f1os, su maestro Lino Enea Spilimbergo.<\/p>\n\n\n\n<p>En 1983 expone en Galer\u00eda Palatina de Buenos Aires, &#8220;Vida de pintor&#8221;, 1984 gana el Premio &#8220;Orozco-Rivera-Siqueiros&#8221; en el Centro Wilfredo Lam de La Habana, Cuba. En 1985 realiza retrospectiva de grabados en Casa de las Am\u00e9ricas, La Habana, Cuba. En 1986 expone en Italia y desde 1997 nuevamente en la Argentina, en el Centro Cultural Recoleta, en el Museo Castagnino (Santa Fe), en el Museo Nacional de Bellas Artes, en la Galer\u00eda Principium y en la Galer\u00eda Zurbar\u00e1n.<\/p>\n\n\n\n<figure class=\"wp-block-image size-large\"><img loading=\"lazy\" decoding=\"async\" width=\"768\" height=\"1024\" src=\"https:\/\/corrientesdetarde.com\/wp-content\/uploads\/2024\/08\/image-1005-768x1024.png\" alt=\"\" class=\"wp-image-162672\" srcset=\"https:\/\/corrientesdetarde.com\/wp-content\/uploads\/2024\/08\/image-1005-768x1024.png 768w, https:\/\/corrientesdetarde.com\/wp-content\/uploads\/2024\/08\/image-1005-225x300.png 225w, https:\/\/corrientesdetarde.com\/wp-content\/uploads\/2024\/08\/image-1005-1152x1536.png 1152w, https:\/\/corrientesdetarde.com\/wp-content\/uploads\/2024\/08\/image-1005.png 1200w\" sizes=\"auto, (max-width: 768px) 100vw, 768px\" \/><\/figure>\n\n\n\n<figure class=\"wp-block-image size-large\"><img loading=\"lazy\" decoding=\"async\" width=\"768\" height=\"1024\" src=\"https:\/\/corrientesdetarde.com\/wp-content\/uploads\/2024\/08\/image-1006-768x1024.png\" alt=\"\" class=\"wp-image-162673\" srcset=\"https:\/\/corrientesdetarde.com\/wp-content\/uploads\/2024\/08\/image-1006-768x1024.png 768w, https:\/\/corrientesdetarde.com\/wp-content\/uploads\/2024\/08\/image-1006-225x300.png 225w, https:\/\/corrientesdetarde.com\/wp-content\/uploads\/2024\/08\/image-1006-1152x1536.png 1152w, https:\/\/corrientesdetarde.com\/wp-content\/uploads\/2024\/08\/image-1006.png 1200w\" sizes=\"auto, (max-width: 768px) 100vw, 768px\" \/><\/figure>\n\n\n\n<figure class=\"wp-block-image size-large\"><img loading=\"lazy\" decoding=\"async\" width=\"768\" height=\"1024\" src=\"https:\/\/corrientesdetarde.com\/wp-content\/uploads\/2024\/08\/image-1008-768x1024.png\" alt=\"\" class=\"wp-image-162675\" srcset=\"https:\/\/corrientesdetarde.com\/wp-content\/uploads\/2024\/08\/image-1008-768x1024.png 768w, https:\/\/corrientesdetarde.com\/wp-content\/uploads\/2024\/08\/image-1008-225x300.png 225w, https:\/\/corrientesdetarde.com\/wp-content\/uploads\/2024\/08\/image-1008-1152x1536.png 1152w, https:\/\/corrientesdetarde.com\/wp-content\/uploads\/2024\/08\/image-1008-1536x2048.png 1536w\" sizes=\"auto, (max-width: 768px) 100vw, 768px\" \/><\/figure>\n\n\n\n<figure class=\"wp-block-image size-large\"><img loading=\"lazy\" decoding=\"async\" width=\"768\" height=\"1024\" src=\"https:\/\/corrientesdetarde.com\/wp-content\/uploads\/2024\/08\/image-1007-768x1024.png\" alt=\"\" class=\"wp-image-162674\" srcset=\"https:\/\/corrientesdetarde.com\/wp-content\/uploads\/2024\/08\/image-1007-768x1024.png 768w, https:\/\/corrientesdetarde.com\/wp-content\/uploads\/2024\/08\/image-1007-225x300.png 225w, https:\/\/corrientesdetarde.com\/wp-content\/uploads\/2024\/08\/image-1007-1152x1536.png 1152w, https:\/\/corrientesdetarde.com\/wp-content\/uploads\/2024\/08\/image-1007.png 1200w\" sizes=\"auto, (max-width: 768px) 100vw, 768px\" \/><\/figure>\n\n\n\n<figure class=\"wp-block-image\"><img decoding=\"async\" src=\"blob:https:\/\/corrientesdetarde.com\/36d013a6-7e7d-404f-a70e-7b9077b0df13\" alt=\"\"\/><\/figure>\n\n\n\n<figure class=\"wp-block-image\"><img decoding=\"async\" src=\"blob:https:\/\/corrientesdetarde.com\/5f7a6f40-51b7-4f83-957f-342b23266ad6\" alt=\"\"\/><\/figure>\n","protected":false},"excerpt":{"rendered":"<p>El Gobierno de la Provincia de Corrientes, a trav\u00e9s del Instituto de Cultura, participa de arteba, que hoy abri\u00f3 sus puertas en el predio del Centro Costa Salguero de la&hellip; <\/p>\n","protected":false},"author":8,"featured_media":162675,"comment_status":"closed","ping_status":"open","sticky":false,"template":"","format":"standard","meta":{"footnotes":""},"categories":[15],"tags":[],"class_list":["post-162671","post","type-post","status-publish","format-standard","has-post-thumbnail","hentry","category-cultura"],"_links":{"self":[{"href":"https:\/\/corrientesdetarde.com\/index.php\/wp-json\/wp\/v2\/posts\/162671","targetHints":{"allow":["GET"]}}],"collection":[{"href":"https:\/\/corrientesdetarde.com\/index.php\/wp-json\/wp\/v2\/posts"}],"about":[{"href":"https:\/\/corrientesdetarde.com\/index.php\/wp-json\/wp\/v2\/types\/post"}],"author":[{"embeddable":true,"href":"https:\/\/corrientesdetarde.com\/index.php\/wp-json\/wp\/v2\/users\/8"}],"replies":[{"embeddable":true,"href":"https:\/\/corrientesdetarde.com\/index.php\/wp-json\/wp\/v2\/comments?post=162671"}],"version-history":[{"count":1,"href":"https:\/\/corrientesdetarde.com\/index.php\/wp-json\/wp\/v2\/posts\/162671\/revisions"}],"predecessor-version":[{"id":162678,"href":"https:\/\/corrientesdetarde.com\/index.php\/wp-json\/wp\/v2\/posts\/162671\/revisions\/162678"}],"wp:featuredmedia":[{"embeddable":true,"href":"https:\/\/corrientesdetarde.com\/index.php\/wp-json\/wp\/v2\/media\/162675"}],"wp:attachment":[{"href":"https:\/\/corrientesdetarde.com\/index.php\/wp-json\/wp\/v2\/media?parent=162671"}],"wp:term":[{"taxonomy":"category","embeddable":true,"href":"https:\/\/corrientesdetarde.com\/index.php\/wp-json\/wp\/v2\/categories?post=162671"},{"taxonomy":"post_tag","embeddable":true,"href":"https:\/\/corrientesdetarde.com\/index.php\/wp-json\/wp\/v2\/tags?post=162671"}],"curies":[{"name":"wp","href":"https:\/\/api.w.org\/{rel}","templated":true}]}}