{"id":162680,"date":"2024-08-29T21:14:17","date_gmt":"2024-08-30T00:14:17","guid":{"rendered":"https:\/\/corrientesdetarde.com\/?p=162680"},"modified":"2024-08-29T21:14:29","modified_gmt":"2024-08-30T00:14:29","slug":"se-realizara-el-lanzamiento-de-la-11a-feria-del-libro-de-caa-cati","status":"publish","type":"post","link":"https:\/\/corrientesdetarde.com\/index.php\/cultura\/se-realizara-el-lanzamiento-de-la-11a-feria-del-libro-de-caa-cati\/","title":{"rendered":"Se realizar\u00e1 el lanzamiento de la 11\u00aa Feria del Libro de Ca\u00e1 Cat\u00ed"},"content":{"rendered":"\n<p>El Gobierno de la Provincia, a trav\u00e9s del Instituto de Cultura de Corrientes, invita al lanzamiento oficial de la 11 edici\u00f3n de la Feria del Libro de Ca\u00e1 Cat\u00ed, que se llevar\u00e1 adelante el lunes 2 de septiembre, a las 10,30, en el patio del organismo cultural (San Juan 546).<\/p>\n\n\n\n<p>La presidente del Instituto de Cultura, Beatriz Kunin, junto al intendente de Ca\u00e1 Cat\u00ed, Carlos Meza y representantes de la biblioteca popular Dr. Juan Manuel Rivera, ser\u00e1n los encargados de brindar detalles de este encuentro literario de gran relevancia en la provincia, que se desarrollar\u00e1 del 6 al 8 de septiembre bajo el lema \u201cCamino a General Paz\u201d.<\/p>\n\n\n\n<p>Como cada a\u00f1o, en la cuna de poetas, se dar\u00e1n cita importantes autores correntinos y est\u00e1 prevista una programaci\u00f3n amplia que incluye conferencias, presentaciones de libros, mesas de poes\u00eda, charlas y lecturas. Al igual que distintos espect\u00e1culos musicales y po\u00e9ticos.<\/p>\n\n\n\n<p>Cabe se\u00f1alar que la conferencia inaugural \u201cEl Gral. Paz y su presencia en Corrientes\u201d estar\u00e1 a cargo del Lic. Miguel Fernando Gonz\u00e1lez Azcoaga, y el cierre de la primera jornada ser\u00e1 con la presentaci\u00f3n de la Orquesta Folcl\u00f3rica de la Provincia, dependiente del Instituto de Cultura, que realizar\u00e1 un concierto homenaje a Alberico Mansilla.<\/p>\n","protected":false},"excerpt":{"rendered":"<p>El Gobierno de la Provincia, a trav\u00e9s del Instituto de Cultura de Corrientes, invita al lanzamiento oficial de la 11 edici\u00f3n de la Feria del Libro de Ca\u00e1 Cat\u00ed, que&hellip; <\/p>\n","protected":false},"author":4,"featured_media":162687,"comment_status":"closed","ping_status":"open","sticky":false,"template":"","format":"standard","meta":{"footnotes":""},"categories":[15],"tags":[],"class_list":["post-162680","post","type-post","status-publish","format-standard","has-post-thumbnail","hentry","category-cultura"],"_links":{"self":[{"href":"https:\/\/corrientesdetarde.com\/index.php\/wp-json\/wp\/v2\/posts\/162680","targetHints":{"allow":["GET"]}}],"collection":[{"href":"https:\/\/corrientesdetarde.com\/index.php\/wp-json\/wp\/v2\/posts"}],"about":[{"href":"https:\/\/corrientesdetarde.com\/index.php\/wp-json\/wp\/v2\/types\/post"}],"author":[{"embeddable":true,"href":"https:\/\/corrientesdetarde.com\/index.php\/wp-json\/wp\/v2\/users\/4"}],"replies":[{"embeddable":true,"href":"https:\/\/corrientesdetarde.com\/index.php\/wp-json\/wp\/v2\/comments?post=162680"}],"version-history":[{"count":1,"href":"https:\/\/corrientesdetarde.com\/index.php\/wp-json\/wp\/v2\/posts\/162680\/revisions"}],"predecessor-version":[{"id":162688,"href":"https:\/\/corrientesdetarde.com\/index.php\/wp-json\/wp\/v2\/posts\/162680\/revisions\/162688"}],"wp:featuredmedia":[{"embeddable":true,"href":"https:\/\/corrientesdetarde.com\/index.php\/wp-json\/wp\/v2\/media\/162687"}],"wp:attachment":[{"href":"https:\/\/corrientesdetarde.com\/index.php\/wp-json\/wp\/v2\/media?parent=162680"}],"wp:term":[{"taxonomy":"category","embeddable":true,"href":"https:\/\/corrientesdetarde.com\/index.php\/wp-json\/wp\/v2\/categories?post=162680"},{"taxonomy":"post_tag","embeddable":true,"href":"https:\/\/corrientesdetarde.com\/index.php\/wp-json\/wp\/v2\/tags?post=162680"}],"curies":[{"name":"wp","href":"https:\/\/api.w.org\/{rel}","templated":true}]}}