{"id":162685,"date":"2024-08-29T21:48:08","date_gmt":"2024-08-30T00:48:08","guid":{"rendered":"https:\/\/corrientesdetarde.com\/?p=162685"},"modified":"2024-08-29T21:48:13","modified_gmt":"2024-08-30T00:48:13","slug":"se-pagan-becas-pensiones-no-contributivas-y-lideres-comunitarios-2","status":"publish","type":"post","link":"https:\/\/corrientesdetarde.com\/index.php\/sociales\/se-pagan-becas-pensiones-no-contributivas-y-lideres-comunitarios-2\/","title":{"rendered":"Se pagan Becas, Pensiones no Contributivas y L\u00edderes Comunitarios"},"content":{"rendered":"\n<p>El Ministerio de Desarrollo Social de la provincia, informa a beneficiarios que desde este jueves&nbsp;29 de agosto del 2024 estar\u00e1 disponible el pago de becas, pensiones no contributivas y l\u00edderes comunitarios dependientes de este organismo. Con aumento.<\/p>\n\n\n\n<p>Se podr\u00e1 acceder al cobro a trav\u00e9s de los cajeros autom\u00e1ticos del Banco de la Provincia de Corrientes.<\/p>\n\n\n\n<figure class=\"wp-block-image size-full\"><img loading=\"lazy\" decoding=\"async\" width=\"869\" height=\"874\" src=\"https:\/\/corrientesdetarde.com\/wp-content\/uploads\/2024\/08\/image-1014.png\" alt=\"\" class=\"wp-image-162698\" srcset=\"https:\/\/corrientesdetarde.com\/wp-content\/uploads\/2024\/08\/image-1014.png 869w, https:\/\/corrientesdetarde.com\/wp-content\/uploads\/2024\/08\/image-1014-298x300.png 298w, https:\/\/corrientesdetarde.com\/wp-content\/uploads\/2024\/08\/image-1014-150x150.png 150w, https:\/\/corrientesdetarde.com\/wp-content\/uploads\/2024\/08\/image-1014-768x772.png 768w\" sizes=\"auto, (max-width: 869px) 100vw, 869px\" \/><\/figure>\n","protected":false},"excerpt":{"rendered":"<p>El Ministerio de Desarrollo Social de la provincia, informa a beneficiarios que desde este jueves&nbsp;29 de agosto del 2024 estar\u00e1 disponible el pago de becas, pensiones no contributivas y l\u00edderes&hellip; <\/p>\n","protected":false},"author":4,"featured_media":162698,"comment_status":"closed","ping_status":"open","sticky":false,"template":"","format":"standard","meta":{"footnotes":""},"categories":[17],"tags":[],"class_list":["post-162685","post","type-post","status-publish","format-standard","has-post-thumbnail","hentry","category-sociales"],"_links":{"self":[{"href":"https:\/\/corrientesdetarde.com\/index.php\/wp-json\/wp\/v2\/posts\/162685","targetHints":{"allow":["GET"]}}],"collection":[{"href":"https:\/\/corrientesdetarde.com\/index.php\/wp-json\/wp\/v2\/posts"}],"about":[{"href":"https:\/\/corrientesdetarde.com\/index.php\/wp-json\/wp\/v2\/types\/post"}],"author":[{"embeddable":true,"href":"https:\/\/corrientesdetarde.com\/index.php\/wp-json\/wp\/v2\/users\/4"}],"replies":[{"embeddable":true,"href":"https:\/\/corrientesdetarde.com\/index.php\/wp-json\/wp\/v2\/comments?post=162685"}],"version-history":[{"count":1,"href":"https:\/\/corrientesdetarde.com\/index.php\/wp-json\/wp\/v2\/posts\/162685\/revisions"}],"predecessor-version":[{"id":162699,"href":"https:\/\/corrientesdetarde.com\/index.php\/wp-json\/wp\/v2\/posts\/162685\/revisions\/162699"}],"wp:featuredmedia":[{"embeddable":true,"href":"https:\/\/corrientesdetarde.com\/index.php\/wp-json\/wp\/v2\/media\/162698"}],"wp:attachment":[{"href":"https:\/\/corrientesdetarde.com\/index.php\/wp-json\/wp\/v2\/media?parent=162685"}],"wp:term":[{"taxonomy":"category","embeddable":true,"href":"https:\/\/corrientesdetarde.com\/index.php\/wp-json\/wp\/v2\/categories?post=162685"},{"taxonomy":"post_tag","embeddable":true,"href":"https:\/\/corrientesdetarde.com\/index.php\/wp-json\/wp\/v2\/tags?post=162685"}],"curies":[{"name":"wp","href":"https:\/\/api.w.org\/{rel}","templated":true}]}}