{"id":162689,"date":"2024-08-29T21:21:59","date_gmt":"2024-08-30T00:21:59","guid":{"rendered":"https:\/\/corrientesdetarde.com\/?p=162689"},"modified":"2024-08-29T21:22:04","modified_gmt":"2024-08-30T00:22:04","slug":"corrientes-repararon-las-losas-deterioradas-de-la-avenida-independencia","status":"publish","type":"post","link":"https:\/\/corrientesdetarde.com\/index.php\/actualidad\/corrientes-repararon-las-losas-deterioradas-de-la-avenida-independencia\/","title":{"rendered":"Corrientes: repararon las losas deterioradas de la avenida Independencia"},"content":{"rendered":"\n<p>La \u00faltima etapa de las obras de bacheo avanza por la banda sur desde la Rotonda de la Virgen hasta Artigas. Tambi\u00e9n obras complementarias consistentes en reconstrucci\u00f3n de cordones y mejoras en las d\u00e1rsenas de acceso y salida.<\/p>\n\n\n\n<p>La Municipalidad de Corrientes avanza con la reparaci\u00f3n integral del Corredor Belgrano, que comprende a las avenidas 3 de Abril, Ferr\u00e9 e Independencia, con trabajos de bacheo, reconstrucci\u00f3n de cordones y mejoras en las d\u00e1rsenas de acceso y salida con la colocaci\u00f3n de tachas y postas reflectivas, obras que tienden a mejorar la transitabilidad y seguridad de la principal avenida de la ciudad.<\/p>\n\n\n\n<p>El subsecretario de Obras y Servicios P\u00fablicos del municipio, Jorge L\u00f3pez Monaje, se\u00f1al\u00f3 que &#8220;en el Corredor Belgrano se est\u00e1 llevando adelante la segunda etapa de los trabajos de reparaci\u00f3n del pavimento&#8221;.<\/p>\n\n\n\n<p>&#8220;La primera etapa consisti\u00f3 en obras de bacheo realizadas desde la bajada del puente hasta la Avenida Artigas, donde se repararon aproximadamente 1.800 metros cuadrados de losas, en ambas bandas&#8221;, explic\u00f3.<\/p>\n\n\n\n<p>El funcionario precis\u00f3 que &#8220;en esta segunda etapa, que va desde la avenida Artigas hasta la Rotonda de la Virgen, ya se realiz\u00f3 la reparaci\u00f3n de la banda sur, y ahora estamos haciendo lo propio con la banda norte. Por el c\u00e1lculo que realizamos, estimamos que vamos a llegar a realizar la reparaci\u00f3n de entre 2.300 o 2.400 metros cuadrados de losas en este \u00faltimo tramo de obras&#8221;.<\/p>\n\n\n\n<p>L\u00f3pez Monaje explic\u00f3 que &#8220;el trabajo de reparaci\u00f3n consiste en la apertura de la losa deteriorada, el retiro del hormig\u00f3n, y a partir de ah\u00ed se lleva adelante la compactaci\u00f3n del suelo para colocar una base de 20 cent\u00edmetros de arena cemento, y luego otros 20 cent\u00edmetros de hormig\u00f3n de fraguado r\u00e1pido, ya que se necesita liberar lo m\u00e1s r\u00e1pido posible el tr\u00e1nsito para no generar tantos inconvenientes a los conductores de este Corredor tan transitado&#8221;.<\/p>\n\n\n\n<figure class=\"wp-block-image size-full\"><img loading=\"lazy\" decoding=\"async\" width=\"688\" height=\"456\" src=\"https:\/\/corrientesdetarde.com\/wp-content\/uploads\/2024\/08\/image-1011.png\" alt=\"\" class=\"wp-image-162690\" srcset=\"https:\/\/corrientesdetarde.com\/wp-content\/uploads\/2024\/08\/image-1011.png 688w, https:\/\/corrientesdetarde.com\/wp-content\/uploads\/2024\/08\/image-1011-300x199.png 300w\" sizes=\"auto, (max-width: 688px) 100vw, 688px\" \/><\/figure>\n\n\n\n<h2 class=\"wp-block-heading\">OBRAS COMPLEMENTARIAS<\/h2>\n\n\n\n<p>Paralelamente, la Municipalidad lleva adelante trabajos complementarios a lo que es el bacheo y la reparaci\u00f3n integral del Corredor Belgrano. &#8220;Estamos trabajando en horario nocturno en lo que hace al recambio y retiro del hormig\u00f3n de las d\u00e1rsenas, tanto de acceso como de salida de ambas bandas&#8221;, indic\u00f3 L\u00f3pez Monaje.<\/p>\n\n\n\n<p>&#8220;La primera etapa comprende 9 d\u00e1rsenas ubicadas entre la bajada del puente y la avenida Chacabuco, y la segunda, 10 d\u00e1rsenas m\u00e1s que se encuentran desde esa intersecci\u00f3n hasta la Rotonda de la Virgen&#8221;, agreg\u00f3.<\/p>\n\n\n\n<p>El subsecretario manifest\u00f3 que &#8220;lo que buscamos es brindar mayor seguridad a los conductores y sus veh\u00edculos, ya que el hormig\u00f3n est\u00e1 en muchos lugares deteriorado. Eso genera un problema de transitabilidad, por lo que se procede a retirar el hormig\u00f3n, y a la vez se colocan tachas reflectivas y postas viales para que a la distancia sean visibles a los conductores para poder acceder o salir del Corredor de la Banda Central&#8221;.<\/p>\n\n\n\n<p>&#8220;Al mismo tiempo se avanza en la reparaci\u00f3n de los cordones de todo el Corredor Belgrano, donde estamos en la primera parte del trabajo complementario&#8221;, complet\u00f3 el funcionario.<\/p>\n\n\n\n<h2 class=\"wp-block-heading\">RECOMENDACI\u00d3N<\/h2>\n\n\n\n<p>Para finalizar, L\u00f3pez Monaje solicit\u00f3 &#8220;precauci\u00f3n y paciencia&#8221; a los conductores que transitan por el Corredor Belgrano, &#8220;porque lo que estamos buscando con estos trabajos es poder brindar una mejor transitabilidad y visualizaci\u00f3n, y por lo tanto una mayor seguridad, tanto a los vecinos de la ciudad como al transporte pesado que transitan habitualmente por esta importante arteria&#8221;.<\/p>\n","protected":false},"excerpt":{"rendered":"<p>La \u00faltima etapa de las obras de bacheo avanza por la banda sur desde la Rotonda de la Virgen hasta Artigas. Tambi\u00e9n obras complementarias consistentes en reconstrucci\u00f3n de cordones y&hellip; <\/p>\n","protected":false},"author":4,"featured_media":162691,"comment_status":"closed","ping_status":"open","sticky":false,"template":"","format":"standard","meta":{"footnotes":""},"categories":[23],"tags":[],"class_list":["post-162689","post","type-post","status-publish","format-standard","has-post-thumbnail","hentry","category-actualidad"],"_links":{"self":[{"href":"https:\/\/corrientesdetarde.com\/index.php\/wp-json\/wp\/v2\/posts\/162689","targetHints":{"allow":["GET"]}}],"collection":[{"href":"https:\/\/corrientesdetarde.com\/index.php\/wp-json\/wp\/v2\/posts"}],"about":[{"href":"https:\/\/corrientesdetarde.com\/index.php\/wp-json\/wp\/v2\/types\/post"}],"author":[{"embeddable":true,"href":"https:\/\/corrientesdetarde.com\/index.php\/wp-json\/wp\/v2\/users\/4"}],"replies":[{"embeddable":true,"href":"https:\/\/corrientesdetarde.com\/index.php\/wp-json\/wp\/v2\/comments?post=162689"}],"version-history":[{"count":1,"href":"https:\/\/corrientesdetarde.com\/index.php\/wp-json\/wp\/v2\/posts\/162689\/revisions"}],"predecessor-version":[{"id":162692,"href":"https:\/\/corrientesdetarde.com\/index.php\/wp-json\/wp\/v2\/posts\/162689\/revisions\/162692"}],"wp:featuredmedia":[{"embeddable":true,"href":"https:\/\/corrientesdetarde.com\/index.php\/wp-json\/wp\/v2\/media\/162691"}],"wp:attachment":[{"href":"https:\/\/corrientesdetarde.com\/index.php\/wp-json\/wp\/v2\/media?parent=162689"}],"wp:term":[{"taxonomy":"category","embeddable":true,"href":"https:\/\/corrientesdetarde.com\/index.php\/wp-json\/wp\/v2\/categories?post=162689"},{"taxonomy":"post_tag","embeddable":true,"href":"https:\/\/corrientesdetarde.com\/index.php\/wp-json\/wp\/v2\/tags?post=162689"}],"curies":[{"name":"wp","href":"https:\/\/api.w.org\/{rel}","templated":true}]}}