{"id":162693,"date":"2024-08-29T21:46:22","date_gmt":"2024-08-30T00:46:22","guid":{"rendered":"https:\/\/corrientesdetarde.com\/?p=162693"},"modified":"2024-08-29T21:46:34","modified_gmt":"2024-08-30T00:46:34","slug":"el-municipio-de-carolina-se-viste-de-fiesta-para-recibir-la-40-edicion-de-la-fiesta-provincial-del-agricultor","status":"publish","type":"post","link":"https:\/\/corrientesdetarde.com\/index.php\/locales\/el-municipio-de-carolina-se-viste-de-fiesta-para-recibir-la-40-edicion-de-la-fiesta-provincial-del-agricultor\/","title":{"rendered":"El municipio de Carolina se viste de fiesta para recibir la 40 edici\u00f3n de la Fiesta Provincial del Agricultor"},"content":{"rendered":"\n<p>Se present\u00f3 en conferencia de prensa este evento que se celebrar\u00e1 los d\u00edas 6, 7 y 8 de septiembre en el predio del Agricultor en el municipio de Carolina. Por tal motivo se cont\u00f3 con la presencia del Intendente de Carolina el Dr. Elvio Sanabria; el presidente de la Comisi\u00f3n de esta nueva edici\u00f3n de la Fiesta del Agricultor, Ramon, Nicoletti; el Subsecretario de desarrollo tur\u00edstico y coordinaci\u00f3n de eventos, Oscar Macias; el Subsecretario de Inversi\u00f3n y promoci\u00f3n tur\u00edstica, Augusto Costaguta y la Soberana de la 39 edici\u00f3n, Sabina Perroni.<\/p>\n\n\n\n<figure class=\"wp-block-image size-large\"><img loading=\"lazy\" decoding=\"async\" width=\"1024\" height=\"684\" src=\"https:\/\/corrientesdetarde.com\/wp-content\/uploads\/2024\/08\/image-1012-1024x684.png\" alt=\"\" class=\"wp-image-162694\" srcset=\"https:\/\/corrientesdetarde.com\/wp-content\/uploads\/2024\/08\/image-1012-1024x684.png 1024w, https:\/\/corrientesdetarde.com\/wp-content\/uploads\/2024\/08\/image-1012-300x200.png 300w, https:\/\/corrientesdetarde.com\/wp-content\/uploads\/2024\/08\/image-1012-768x513.png 768w, https:\/\/corrientesdetarde.com\/wp-content\/uploads\/2024\/08\/image-1012.png 1364w\" sizes=\"auto, (max-width: 1024px) 100vw, 1024px\" \/><\/figure>\n\n\n\n<p>En la ocasi\u00f3n, Ram\u00f3n Nicoletti coment\u00f3 respecto a las actividades que tendr\u00e1n lugar en los pr\u00f3ximos d\u00edas. En este sentido, dio a conocer que el s\u00e1bado 31 de agosto a las 21:00 hs tendr\u00e1 lugar el torneo provincial de truco en el predio del Agricultor. Al mismo tiempo destac\u00f3 que el mi\u00e9rcoles 4 de septiembre a partir de las 17:00 hs tendr\u00e1 lugar la feria d\u00eda del inmigrante, organizada por el Colegio Secundario Colonia Carolina.\u00a0 Adem\u00e1s, inform\u00f3 que el viernes 6 de septiembre a las 20:30 hs ser\u00e1 la Inauguraci\u00f3n de la expo- Agricultor 2024 y a las 22:00 hs ser\u00e1 el Festival Folkl\u00f3rico &#8220;Cultivando Tierra y M\u00fasica&#8221; en predio del Agricultor.<\/p>\n\n\n\n<figure class=\"wp-block-image size-full\"><img loading=\"lazy\" decoding=\"async\" width=\"589\" height=\"904\" src=\"https:\/\/corrientesdetarde.com\/wp-content\/uploads\/2024\/08\/image-1013.png\" alt=\"\" class=\"wp-image-162695\" srcset=\"https:\/\/corrientesdetarde.com\/wp-content\/uploads\/2024\/08\/image-1013.png 589w, https:\/\/corrientesdetarde.com\/wp-content\/uploads\/2024\/08\/image-1013-195x300.png 195w\" sizes=\"auto, (max-width: 589px) 100vw, 589px\" \/><\/figure>\n\n\n\n<p>El s\u00e1bado 07 de septiembre a las 16:00 hs ser\u00e1 el festival expo \u2013 agricultor y&nbsp;a las&nbsp;22:00 hs. baile elecci\u00f3n y coronaci\u00f3n de la reina 2024 y sus princesas en el predio Agricultor.<\/p>\n\n\n\n<p>Por otra parte, el domingo 08 de septiembre a las 11:00 hs se realizar\u00e1 el acto oficial d\u00eda del agricultor. A las 13:00 hs tendr\u00e1 lugar el almuerzo clausura con un festival de sobremesa y a las 16:00 hs se llevar\u00e1 a cabo un Festival en Expo Agricultor.<\/p>\n\n\n\n<p>A su turno el intendente Elvio Sanabria se\u00f1al\u00f3 que, en esta \u00e9poca con mucho trabajo y acompa\u00f1amiento del Gobierno de la Provincia, de esta manera entre todos podemos llevar adelante esta fiesta. Hemos hecho una buena programaci\u00f3n y tenemos precios accesibles ya que pretendemos que todos vayan a disfrutar de la fiesta con sus familias y con amigos\u201d.<\/p>\n\n\n\n<p>&nbsp;A su turno Oscar Mac\u00edas manifest\u00f3 que realmente Carolina hizo valorizar toda la zona ya que es un lugar donde se ha trabajado tanto y han formado sus familias y han hecho de este lugar una regi\u00f3n impresionante. &nbsp;\u201cEs una zona honestamente productiva y esta fiesta es important\u00edsima ya que es un reconocimiento al trabajo y a la dedicaci\u00f3n de los habitantes y los agricultores\u201d puntualiz\u00f3.<\/p>\n\n\n\n<p>Asimismo, Augusto Costaguta mencion\u00f3 que Carolina se form\u00f3 con inmigrantes italianos quienes supieron trabajar la tierra y lo siguen haciendo. \u201cFelicit\u00f3 por esta fiesta a sus organizadores que destacan el reconocimiento del trabajo de los agricultores.\u201d Indic\u00f3.<\/p>\n","protected":false},"excerpt":{"rendered":"<p>Se present\u00f3 en conferencia de prensa este evento que se celebrar\u00e1 los d\u00edas 6, 7 y 8 de septiembre en el predio del Agricultor en el municipio de Carolina. Por&hellip; <\/p>\n","protected":false},"author":4,"featured_media":162696,"comment_status":"closed","ping_status":"open","sticky":false,"template":"","format":"standard","meta":{"footnotes":""},"categories":[8],"tags":[],"class_list":["post-162693","post","type-post","status-publish","format-standard","has-post-thumbnail","hentry","category-locales"],"_links":{"self":[{"href":"https:\/\/corrientesdetarde.com\/index.php\/wp-json\/wp\/v2\/posts\/162693","targetHints":{"allow":["GET"]}}],"collection":[{"href":"https:\/\/corrientesdetarde.com\/index.php\/wp-json\/wp\/v2\/posts"}],"about":[{"href":"https:\/\/corrientesdetarde.com\/index.php\/wp-json\/wp\/v2\/types\/post"}],"author":[{"embeddable":true,"href":"https:\/\/corrientesdetarde.com\/index.php\/wp-json\/wp\/v2\/users\/4"}],"replies":[{"embeddable":true,"href":"https:\/\/corrientesdetarde.com\/index.php\/wp-json\/wp\/v2\/comments?post=162693"}],"version-history":[{"count":1,"href":"https:\/\/corrientesdetarde.com\/index.php\/wp-json\/wp\/v2\/posts\/162693\/revisions"}],"predecessor-version":[{"id":162697,"href":"https:\/\/corrientesdetarde.com\/index.php\/wp-json\/wp\/v2\/posts\/162693\/revisions\/162697"}],"wp:featuredmedia":[{"embeddable":true,"href":"https:\/\/corrientesdetarde.com\/index.php\/wp-json\/wp\/v2\/media\/162696"}],"wp:attachment":[{"href":"https:\/\/corrientesdetarde.com\/index.php\/wp-json\/wp\/v2\/media?parent=162693"}],"wp:term":[{"taxonomy":"category","embeddable":true,"href":"https:\/\/corrientesdetarde.com\/index.php\/wp-json\/wp\/v2\/categories?post=162693"},{"taxonomy":"post_tag","embeddable":true,"href":"https:\/\/corrientesdetarde.com\/index.php\/wp-json\/wp\/v2\/tags?post=162693"}],"curies":[{"name":"wp","href":"https:\/\/api.w.org\/{rel}","templated":true}]}}