{"id":162700,"date":"2024-08-29T21:50:55","date_gmt":"2024-08-30T00:50:55","guid":{"rendered":"https:\/\/corrientesdetarde.com\/?p=162700"},"modified":"2024-08-29T21:51:07","modified_gmt":"2024-08-30T00:51:07","slug":"los-emprendedores-festejan-el-dia-del-nino","status":"publish","type":"post","link":"https:\/\/corrientesdetarde.com\/index.php\/sociales\/los-emprendedores-festejan-el-dia-del-nino\/","title":{"rendered":"Los emprendedores festejan el D\u00eda del Ni\u00f1o"},"content":{"rendered":"\n<p>Este s\u00e1bado 31 de agosto la Feria de Emprendedores del Ministerio de Desarrollo Social de la provincia los espera en el Paseo Iber\u00e1 para festejar el D\u00eda del Ni\u00f1o, de 11 a 21 hs.<\/p>\n\n\n\n<p>Bajo la Coordinaci\u00f3n de la Direcci\u00f3n de Comercializaci\u00f3n a cargo de D\u00e9bora Galarza Alcaraz se llevar\u00e1 a cabo el festejo en la bajada del Puente Gral. Belgrano y Costanera Lavalle entre D\u00edaz de Vivar y Cerrito.<\/p>\n\n\n\n<p>Habr\u00e1 exposici\u00f3n de emprendedores, juegos, personajes de Disney, chocolate con churros y muchos sorteos.<\/p>\n\n\n\n<p>Tambi\u00e9n exhibici\u00f3n de Team Baranda y sus autos antiguos y Corte de cabello gratis. Y muchos regalos.<\/p>\n\n\n\n<figure class=\"wp-block-image size-full\"><img loading=\"lazy\" decoding=\"async\" width=\"543\" height=\"892\" src=\"https:\/\/corrientesdetarde.com\/wp-content\/uploads\/2024\/08\/image-1015.png\" alt=\"\" class=\"wp-image-162701\" srcset=\"https:\/\/corrientesdetarde.com\/wp-content\/uploads\/2024\/08\/image-1015.png 543w, https:\/\/corrientesdetarde.com\/wp-content\/uploads\/2024\/08\/image-1015-183x300.png 183w\" sizes=\"auto, (max-width: 543px) 100vw, 543px\" \/><\/figure>\n","protected":false},"excerpt":{"rendered":"<p>Este s\u00e1bado 31 de agosto la Feria de Emprendedores del Ministerio de Desarrollo Social de la provincia los espera en el Paseo Iber\u00e1 para festejar el D\u00eda del Ni\u00f1o, de&hellip; <\/p>\n","protected":false},"author":4,"featured_media":162701,"comment_status":"closed","ping_status":"open","sticky":false,"template":"","format":"standard","meta":{"footnotes":""},"categories":[17],"tags":[],"class_list":["post-162700","post","type-post","status-publish","format-standard","has-post-thumbnail","hentry","category-sociales"],"_links":{"self":[{"href":"https:\/\/corrientesdetarde.com\/index.php\/wp-json\/wp\/v2\/posts\/162700","targetHints":{"allow":["GET"]}}],"collection":[{"href":"https:\/\/corrientesdetarde.com\/index.php\/wp-json\/wp\/v2\/posts"}],"about":[{"href":"https:\/\/corrientesdetarde.com\/index.php\/wp-json\/wp\/v2\/types\/post"}],"author":[{"embeddable":true,"href":"https:\/\/corrientesdetarde.com\/index.php\/wp-json\/wp\/v2\/users\/4"}],"replies":[{"embeddable":true,"href":"https:\/\/corrientesdetarde.com\/index.php\/wp-json\/wp\/v2\/comments?post=162700"}],"version-history":[{"count":1,"href":"https:\/\/corrientesdetarde.com\/index.php\/wp-json\/wp\/v2\/posts\/162700\/revisions"}],"predecessor-version":[{"id":162702,"href":"https:\/\/corrientesdetarde.com\/index.php\/wp-json\/wp\/v2\/posts\/162700\/revisions\/162702"}],"wp:featuredmedia":[{"embeddable":true,"href":"https:\/\/corrientesdetarde.com\/index.php\/wp-json\/wp\/v2\/media\/162701"}],"wp:attachment":[{"href":"https:\/\/corrientesdetarde.com\/index.php\/wp-json\/wp\/v2\/media?parent=162700"}],"wp:term":[{"taxonomy":"category","embeddable":true,"href":"https:\/\/corrientesdetarde.com\/index.php\/wp-json\/wp\/v2\/categories?post=162700"},{"taxonomy":"post_tag","embeddable":true,"href":"https:\/\/corrientesdetarde.com\/index.php\/wp-json\/wp\/v2\/tags?post=162700"}],"curies":[{"name":"wp","href":"https:\/\/api.w.org\/{rel}","templated":true}]}}