{"id":162703,"date":"2024-08-29T22:13:26","date_gmt":"2024-08-30T01:13:26","guid":{"rendered":"https:\/\/corrientesdetarde.com\/?p=162703"},"modified":"2024-08-29T22:13:30","modified_gmt":"2024-08-30T01:13:30","slug":"el-coprodis-visito-el-centro-de-fonoaudiologia-integral-en-goya","status":"publish","type":"post","link":"https:\/\/corrientesdetarde.com\/index.php\/sociales\/el-coprodis-visito-el-centro-de-fonoaudiologia-integral-en-goya\/","title":{"rendered":"El COPRODIS visit\u00f3 el Centro de Fonoaudiolog\u00eda Integral en Goya"},"content":{"rendered":"\n<p>El Ministerio de Desarrollo Social, a trav\u00e9s del Consejo Provincial de Discapacidad (COPRODIS), contin\u00faa realizando auditor\u00edas de control a instituciones prestadoras de servicios a personas con discapacidad. a trav\u00e9s del COPRODIS. De esta manera, su Junta Categorizadora de prestadores visit\u00f3 el Centro de Fonoaudiolog\u00eda Integral de Goya, el cual brinda servicio de apoyo a la integraci\u00f3n escolar a ni\u00f1os y j\u00f3venes con discapacidad intelectual.<\/p>\n\n\n\n<p>Es as\u00ed que el COPRODIS contin\u00faa realizando auditor\u00edas de control y categorizaci\u00f3n a instituciones prestadoras que atienden a personas con discapacidad.<\/p>\n\n\n\n<figure class=\"wp-block-image size-full\"><img loading=\"lazy\" decoding=\"async\" width=\"901\" height=\"890\" src=\"https:\/\/corrientesdetarde.com\/wp-content\/uploads\/2024\/08\/image-1016.png\" alt=\"\" class=\"wp-image-162704\" srcset=\"https:\/\/corrientesdetarde.com\/wp-content\/uploads\/2024\/08\/image-1016.png 901w, https:\/\/corrientesdetarde.com\/wp-content\/uploads\/2024\/08\/image-1016-300x296.png 300w, https:\/\/corrientesdetarde.com\/wp-content\/uploads\/2024\/08\/image-1016-768x759.png 768w\" sizes=\"auto, (max-width: 901px) 100vw, 901px\" \/><\/figure>\n\n\n\n<figure class=\"wp-block-image size-full\"><img loading=\"lazy\" decoding=\"async\" width=\"911\" height=\"891\" src=\"https:\/\/corrientesdetarde.com\/wp-content\/uploads\/2024\/08\/image-1017.png\" alt=\"\" class=\"wp-image-162705\" srcset=\"https:\/\/corrientesdetarde.com\/wp-content\/uploads\/2024\/08\/image-1017.png 911w, https:\/\/corrientesdetarde.com\/wp-content\/uploads\/2024\/08\/image-1017-300x293.png 300w, https:\/\/corrientesdetarde.com\/wp-content\/uploads\/2024\/08\/image-1017-768x751.png 768w\" sizes=\"auto, (max-width: 911px) 100vw, 911px\" \/><\/figure>\n","protected":false},"excerpt":{"rendered":"<p>El Ministerio de Desarrollo Social, a trav\u00e9s del Consejo Provincial de Discapacidad (COPRODIS), contin\u00faa realizando auditor\u00edas de control a instituciones prestadoras de servicios a personas con discapacidad. a trav\u00e9s del&hellip; <\/p>\n","protected":false},"author":4,"featured_media":162706,"comment_status":"closed","ping_status":"open","sticky":false,"template":"","format":"standard","meta":{"footnotes":""},"categories":[17],"tags":[],"class_list":["post-162703","post","type-post","status-publish","format-standard","has-post-thumbnail","hentry","category-sociales"],"_links":{"self":[{"href":"https:\/\/corrientesdetarde.com\/index.php\/wp-json\/wp\/v2\/posts\/162703","targetHints":{"allow":["GET"]}}],"collection":[{"href":"https:\/\/corrientesdetarde.com\/index.php\/wp-json\/wp\/v2\/posts"}],"about":[{"href":"https:\/\/corrientesdetarde.com\/index.php\/wp-json\/wp\/v2\/types\/post"}],"author":[{"embeddable":true,"href":"https:\/\/corrientesdetarde.com\/index.php\/wp-json\/wp\/v2\/users\/4"}],"replies":[{"embeddable":true,"href":"https:\/\/corrientesdetarde.com\/index.php\/wp-json\/wp\/v2\/comments?post=162703"}],"version-history":[{"count":1,"href":"https:\/\/corrientesdetarde.com\/index.php\/wp-json\/wp\/v2\/posts\/162703\/revisions"}],"predecessor-version":[{"id":162707,"href":"https:\/\/corrientesdetarde.com\/index.php\/wp-json\/wp\/v2\/posts\/162703\/revisions\/162707"}],"wp:featuredmedia":[{"embeddable":true,"href":"https:\/\/corrientesdetarde.com\/index.php\/wp-json\/wp\/v2\/media\/162706"}],"wp:attachment":[{"href":"https:\/\/corrientesdetarde.com\/index.php\/wp-json\/wp\/v2\/media?parent=162703"}],"wp:term":[{"taxonomy":"category","embeddable":true,"href":"https:\/\/corrientesdetarde.com\/index.php\/wp-json\/wp\/v2\/categories?post=162703"},{"taxonomy":"post_tag","embeddable":true,"href":"https:\/\/corrientesdetarde.com\/index.php\/wp-json\/wp\/v2\/tags?post=162703"}],"curies":[{"name":"wp","href":"https:\/\/api.w.org\/{rel}","templated":true}]}}