{"id":162708,"date":"2024-08-29T22:15:40","date_gmt":"2024-08-30T01:15:40","guid":{"rendered":"https:\/\/corrientesdetarde.com\/?p=162708"},"modified":"2024-08-29T22:15:53","modified_gmt":"2024-08-30T01:15:53","slug":"con-representacion-correntina-se-realizo-el-primer-encuentro-de-la-red-federal-de-economia-del-conocimiento","status":"publish","type":"post","link":"https:\/\/corrientesdetarde.com\/index.php\/economia\/con-representacion-correntina-se-realizo-el-primer-encuentro-de-la-red-federal-de-economia-del-conocimiento\/","title":{"rendered":"Con representaci\u00f3n correntina se realiz\u00f3 el Primer Encuentro de la Red Federal de Economia del Conocimiento"},"content":{"rendered":"\n<p>La Red Federal de Econom\u00eda del Conocimiento es una iniciativa que agrupa a polos, c\u00e1maras y cl\u00fasteres de todo el pa\u00eds, con el objetivo de articular y potenciar los esfuerzos de desarrollo del sector en todas las regiones de Argentina. La red trabaja en la promoci\u00f3n de pol\u00edticas p\u00fablicas que fortalezcan la infraestructura, la educaci\u00f3n y la innovaci\u00f3n tecnol\u00f3gica, contribuyendo al crecimiento sostenido de la industria del conocimiento en el pa\u00eds.\u00a0<\/p>\n\n\n\n<p>Durante los d\u00edas 22 y 23 de agosto, la ciudad de Neuqu\u00e9n fue sede del primer encuentro de la Red Federal de Econom\u00eda del Conocimiento luego de su formalizaci\u00f3n, evento que reuni\u00f3 a representantes de polos, c\u00e1maras y cl\u00fasteres de toda la Argentina. La jornada, que se desarroll\u00f3 en el Museo Nacional de Bellas Artes y el Centro PyME-ADENEU, tuvo como objetivo visibilizar al sector en la regi\u00f3n, fortalecer los v\u00ednculos y coordinar acciones entre las distintas instituciones que conforman esta red.<\/p>\n\n\n\n<p>El evento inici\u00f3 el 22 de agosto en el Museo Nacional de Bellas Artes de Neuqu\u00e9n, con un acto p\u00fablico que cont\u00f3 con la presencia de destacadas autoridades locales (municipales y provinciales) y nacionales. Entre ellas el intendente de la ciudad de Neuqu\u00e9n, Mariano Gaido; el intendente de Jun\u00edn de los Andes, Luis Madue\u00f1o; la secretaria jefa de gabinete de Neuqu\u00e9n, Mar\u00eda Pascualini; el secretario de Innovaci\u00f3n y Gesti\u00f3n Estrat\u00e9gica de Neuqu\u00e9n, Gast\u00f3n Contardi; el subsecretario de Econom\u00eda del Conocimiento de la Naci\u00f3n, Santiago Pordelanne; y el secretario de Producci\u00f3n e Industria de Neuqu\u00e9n, Juan Pelaez. As\u00ed mismo en representaci\u00f3n del Polo IT Corrientes, asisti\u00f3 su Presidente, Mgter Eduardo JM Burgos, siendo parte de la CD de la Red Federal.&nbsp;<\/p>\n\n\n\n<p>La apertura oficial del encuentro estuvo a cargo de Jes\u00fas Almada, presidente del Cluster Infotech y secretario de la Red Federal, quien destac\u00f3 el crecimiento del sector y el compromiso de las autoridades para impulsar la innovaci\u00f3n en la regi\u00f3n. Tambi\u00e9n se realizaron presentaciones sobre la ampliaci\u00f3n del Polo Tecnol\u00f3gico de Neuqu\u00e9n y se compartieron datos relevantes sobre la econom\u00eda del conocimiento en la provincia.<\/p>\n\n\n\n<p>&nbsp;Despu\u00e9s de una pausa para un coffee break, las actividades continuaron con presentaciones centradas en inteligencia artificial y estrategias de innovaci\u00f3n, a cargo de Sergio Richter, la plataforma de capacitaci\u00f3n \u00abCapacitar\u00bb, presentada por Santiago Pordelanne y por ultimo &#8220;Ecosistemas digitales integrables&#8221; llevada adelante por Gustavo Giorgetti. Estas sesiones ofrecieron a los participantes una visi\u00f3n sobre las tendencias actuales y futuras del sector, reforzando la importancia de la formaci\u00f3n continua y la adopci\u00f3n de nuevas tecnolog\u00edas.<\/p>\n\n\n\n<p>Durante la tarde del 22 y la jornada del 23, las actividades se trasladaron al Centro PyME-ADENEU, donde los participantes abordaron temas claves para el futuro de la Red Federal, como la financiaci\u00f3n de la red, la mejora de la visibilidad de las actividades del sector y la necesidad de establecer un di\u00e1logo continuo con el gobierno nacional. Se acord\u00f3, adem\u00e1s, un calendario de encuentros presenciales para el a\u00f1o 2025, que incluir\u00e1 eventos en diversas provincias del pa\u00eds, fortaleciendo as\u00ed la institucionalidad y el desarrollo de la econom\u00eda del conocimiento en todo el territorio.<\/p>\n\n\n\n<p>Como cierre del encuentro se visitaron las obras del proyecto del polo cient\u00edfico-tecnol\u00f3gico impulsado por el Cluster Infotech, que se est\u00e1 consolidando gracias al apoyo de los gobiernos municipal y el sector privado, y que cuenta con un fuerte enfoque en la educaci\u00f3n. En este punto converger\u00e1 el estado, el sector privado y la academia.<\/p>\n\n\n\n<p>Finalmente, se destac\u00f3 la importancia de seguir trabajando en la articulaci\u00f3n de iniciativas que permitan visibilizar el trabajo de la Red Federal a nivel nacional, fortaleciendo la colaboraci\u00f3n entre las distintas instituciones y potenciando la inserci\u00f3n de nuevas entidades en la red.<\/p>\n","protected":false},"excerpt":{"rendered":"<p>La Red Federal de Econom\u00eda del Conocimiento es una iniciativa que agrupa a polos, c\u00e1maras y cl\u00fasteres de todo el pa\u00eds, con el objetivo de articular y potenciar los esfuerzos&hellip; <\/p>\n","protected":false},"author":4,"featured_media":162709,"comment_status":"closed","ping_status":"open","sticky":false,"template":"","format":"standard","meta":{"footnotes":""},"categories":[20],"tags":[],"class_list":["post-162708","post","type-post","status-publish","format-standard","has-post-thumbnail","hentry","category-economia"],"_links":{"self":[{"href":"https:\/\/corrientesdetarde.com\/index.php\/wp-json\/wp\/v2\/posts\/162708","targetHints":{"allow":["GET"]}}],"collection":[{"href":"https:\/\/corrientesdetarde.com\/index.php\/wp-json\/wp\/v2\/posts"}],"about":[{"href":"https:\/\/corrientesdetarde.com\/index.php\/wp-json\/wp\/v2\/types\/post"}],"author":[{"embeddable":true,"href":"https:\/\/corrientesdetarde.com\/index.php\/wp-json\/wp\/v2\/users\/4"}],"replies":[{"embeddable":true,"href":"https:\/\/corrientesdetarde.com\/index.php\/wp-json\/wp\/v2\/comments?post=162708"}],"version-history":[{"count":1,"href":"https:\/\/corrientesdetarde.com\/index.php\/wp-json\/wp\/v2\/posts\/162708\/revisions"}],"predecessor-version":[{"id":162710,"href":"https:\/\/corrientesdetarde.com\/index.php\/wp-json\/wp\/v2\/posts\/162708\/revisions\/162710"}],"wp:featuredmedia":[{"embeddable":true,"href":"https:\/\/corrientesdetarde.com\/index.php\/wp-json\/wp\/v2\/media\/162709"}],"wp:attachment":[{"href":"https:\/\/corrientesdetarde.com\/index.php\/wp-json\/wp\/v2\/media?parent=162708"}],"wp:term":[{"taxonomy":"category","embeddable":true,"href":"https:\/\/corrientesdetarde.com\/index.php\/wp-json\/wp\/v2\/categories?post=162708"},{"taxonomy":"post_tag","embeddable":true,"href":"https:\/\/corrientesdetarde.com\/index.php\/wp-json\/wp\/v2\/tags?post=162708"}],"curies":[{"name":"wp","href":"https:\/\/api.w.org\/{rel}","templated":true}]}}