{"id":162712,"date":"2024-08-29T22:21:03","date_gmt":"2024-08-30T01:21:03","guid":{"rendered":"https:\/\/corrientesdetarde.com\/?p=162712"},"modified":"2024-08-29T22:21:15","modified_gmt":"2024-08-30T01:21:15","slug":"incomunicado-y-en-un-calabozo-asi-pasa-las-horas-german-kiczka-el-diputado-acusado-de-pedofilia","status":"publish","type":"post","link":"https:\/\/corrientesdetarde.com\/index.php\/policiales\/incomunicado-y-en-un-calabozo-asi-pasa-las-horas-german-kiczka-el-diputado-acusado-de-pedofilia\/","title":{"rendered":"Incomunicado y en un calabozo:\u00a0as\u00ed pasa las horas Germ\u00e1n Kiczka, el diputado acusado de pedofilia"},"content":{"rendered":"\n<p>Fue detenido este mi\u00e9rcoles por la noche cuando estaba escondido en un camping de Loreto. Esta ma\u00f1ana lleg\u00f3 a Misiones y el viernes podr\u00eda prestar declaraci\u00f3n.\u00a0<\/p>\n\n\n\n<p>El diputado misionero Germ\u00e1n Kiczka, acusado de tenencia y distribuci\u00f3n de material de abuso sexual infantil, fue detenido este mi\u00e9rcoles en un bungalow en construcci\u00f3n en la provincia de Corrientes. Esta ma\u00f1ana lleg\u00f3 a Misiones fuertemente custodiado.<\/p>\n\n\n\n<p>&#8220;Est\u00e1 detenido e incomunicado. Se tuvo que hacer una adaptaci\u00f3n de uno de los calabozos para dejarlo solo en la dependencia policial, ya que no hab\u00eda c\u00e1rceles disponibles para estas situaciones&#8221;, inform\u00f3 Maxi Vargas, periodista de Misiones.<\/p>\n\n\n\n<p>Vargas agreg\u00f3 que se est\u00e1n realizando pericias al Toyota Corolla gris que estaba estacionado en el camping y el cual fue utilizado por el diputado para llegar hasta Loreto.<\/p>\n\n\n\n<p>Adem\u00e1s, se\u00f1al\u00f3 que &#8220;se est\u00e1 peritando su nuevo celular, con el cual se estaba comunicando, intuye la justicia y nosotros, con quien le hab\u00eda facilitado el hospedaje. Recordemos que son 7 d\u00edas que Kiczka estuvo pr\u00f3fugo con la ayuda de alguien. Alguien le habr\u00e1 recomendado, le habr\u00e1 hecho un lugarcito, le habr\u00e1 dado comida para pasar estos 7 d\u00edas&#8221;.<\/p>\n\n\n\n<p>El periodista asegur\u00f3 que el diputado podr\u00eda prestar las primeras declaraciones en el d\u00eda de ma\u00f1ana.<\/p>\n","protected":false},"excerpt":{"rendered":"<p>Fue detenido este mi\u00e9rcoles por la noche cuando estaba escondido en un camping de Loreto. Esta ma\u00f1ana lleg\u00f3 a Misiones y el viernes podr\u00eda prestar declaraci\u00f3n.\u00a0 El diputado misionero Germ\u00e1n&hellip; <\/p>\n","protected":false},"author":4,"featured_media":162713,"comment_status":"closed","ping_status":"open","sticky":false,"template":"","format":"standard","meta":{"footnotes":""},"categories":[33],"tags":[],"class_list":["post-162712","post","type-post","status-publish","format-standard","has-post-thumbnail","hentry","category-policiales"],"_links":{"self":[{"href":"https:\/\/corrientesdetarde.com\/index.php\/wp-json\/wp\/v2\/posts\/162712","targetHints":{"allow":["GET"]}}],"collection":[{"href":"https:\/\/corrientesdetarde.com\/index.php\/wp-json\/wp\/v2\/posts"}],"about":[{"href":"https:\/\/corrientesdetarde.com\/index.php\/wp-json\/wp\/v2\/types\/post"}],"author":[{"embeddable":true,"href":"https:\/\/corrientesdetarde.com\/index.php\/wp-json\/wp\/v2\/users\/4"}],"replies":[{"embeddable":true,"href":"https:\/\/corrientesdetarde.com\/index.php\/wp-json\/wp\/v2\/comments?post=162712"}],"version-history":[{"count":1,"href":"https:\/\/corrientesdetarde.com\/index.php\/wp-json\/wp\/v2\/posts\/162712\/revisions"}],"predecessor-version":[{"id":162714,"href":"https:\/\/corrientesdetarde.com\/index.php\/wp-json\/wp\/v2\/posts\/162712\/revisions\/162714"}],"wp:featuredmedia":[{"embeddable":true,"href":"https:\/\/corrientesdetarde.com\/index.php\/wp-json\/wp\/v2\/media\/162713"}],"wp:attachment":[{"href":"https:\/\/corrientesdetarde.com\/index.php\/wp-json\/wp\/v2\/media?parent=162712"}],"wp:term":[{"taxonomy":"category","embeddable":true,"href":"https:\/\/corrientesdetarde.com\/index.php\/wp-json\/wp\/v2\/categories?post=162712"},{"taxonomy":"post_tag","embeddable":true,"href":"https:\/\/corrientesdetarde.com\/index.php\/wp-json\/wp\/v2\/tags?post=162712"}],"curies":[{"name":"wp","href":"https:\/\/api.w.org\/{rel}","templated":true}]}}