{"id":162715,"date":"2024-08-29T22:23:14","date_gmt":"2024-08-30T01:23:14","guid":{"rendered":"https:\/\/corrientesdetarde.com\/?p=162715"},"modified":"2024-08-29T22:23:17","modified_gmt":"2024-08-30T01:23:17","slug":"detuvieron-a-un-delivery-correntino-por-haber-comprado-imagenes-de-abuso-sexual-infantil","status":"publish","type":"post","link":"https:\/\/corrientesdetarde.com\/index.php\/policiales\/detuvieron-a-un-delivery-correntino-por-haber-comprado-imagenes-de-abuso-sexual-infantil\/","title":{"rendered":"Detuvieron a un delivery correntino por haber comprado im\u00e1genes de abuso sexual infantil"},"content":{"rendered":"\n<p>Se trata de una causa que se inici\u00f3 en Alemania tras una adquisici\u00f3n por 65 euros. Lo detuvieron en plena avenida 3 de Abril.<\/p>\n\n\n\n<p>La Polic\u00eda de Corrientes detuvo en la capital provincial a un joven que trabaja como delivery al estar involucrado en una investigaci\u00f3n internacional sobre el delito de abuso y explotaci\u00f3n sexual infantil. Con su tel\u00e9fono celular recib\u00eda contenido audiovisual que ten\u00eda a menores como v\u00edctimas de todo tipo de pr\u00e1cticas sexuales.<\/p>\n\n\n\n<p>La pesquisa fue iniciada en la ciudad de M\u00fanich, Alemania, por la Polic\u00eda de aquel pa\u00eds. Una red que explota a ni\u00f1os y adolescentes se ramific\u00f3 a distintas partes del mundo a trav\u00e9s de las redes digitales.<\/p>\n\n\n\n<p>Uno de los tantos consumidores de material delictivo, con claros actos de sometimiento a menores de edad, era el titular de un tel\u00e9fono con caracter\u00edstica de Corrientes: el 3794.<\/p>\n\n\n\n<p>En primera instancia, el Juzgado de Garant\u00edas N\u00famero 3, a cargo de Mar\u00eda Josefina Gonz\u00e1lez Caba\u00f1as, solicit\u00f3 colaboraci\u00f3n a detectives de la Prefectura Naval Argentina y tambi\u00e9n a la Direcci\u00f3n General de Investigaci\u00f3n de Delitos Complejos y Delitos Inform\u00e1ticos.<\/p>\n\n\n\n<p>Con el trabajo conjunto con la Unidad Fiscal de Investigaciones Concretas 5, reunieron una serie de evidencias para constatar la identidad del sospechoso.<\/p>\n\n\n\n<p>Informaci\u00f3n conocida por diario \u00e9poca precisa que la persona que presuntamente abon\u00f3 dinero, en un monto total de 65 euros (o el equivalente en pesos), para la compra de &#8220;paquetes de material sexual infantil&#8221;, ser\u00eda un joven de 21 a\u00f1os, quien realizaba trabajos de moto mandado o delivery en nuestra capital.<\/p>\n\n\n\n<p>El rastreo de esta persona lleg\u00f3 a buen puerto. El martes, a la noche, un grupo de detectives de civil de Delitos Complejos recorr\u00eda las calles del barrio San Mart\u00edn hasta concretar la detenci\u00f3n en la v\u00eda p\u00fablica.<\/p>\n\n\n\n<p>Mat\u00edas Emanuel V. result\u00f3 capturado en avenida 3 de Abril casi Guastavino.<\/p>\n\n\n\n<p>El muchacho conduc\u00eda una motocicleta Honda Wave 110 con una caja t\u00e9rmica para entrega de productos a domicilio. En ese momento estaba presto a llevar comida a un cliente.<\/p>\n\n\n\n<p>En Argentina el delito que habr\u00eda cometido este sujeto se encuadra como &#8220;Infracci\u00f3n al Art\u00edculo 128 del C\u00f3digo Penal Argentino&#8221;, referido a los &#8220;delitos tecnol\u00f3gicos atinentes a la explotaci\u00f3n sexual de ni\u00f1os y\/o adolescentes en la red&#8221;.<\/p>\n\n\n\n<p>Con toda la evidencia, secuestro del aparato de telefon\u00eda y otros elementos pusieron a disposici\u00f3n de la Justicia al joven sospechoso.<\/p>\n\n\n\n<p>De esta manera, la Justicia correntina y la Polic\u00eda provincial respondieron con efectividad a una investigaci\u00f3n surgida en Alemania, donde habr\u00edan detectado la operatividad de la principal c\u00e9lula dedicada al tr\u00e1fico de material sexual de menores.<\/p>\n\n\n\n<p>La comercializaci\u00f3n de fotos y videos se realizaba a trav\u00e9s de una plataforma digital a la cual se suscrib\u00edan personas de distintos pa\u00edses.<\/p>\n\n\n\n<p>Mediante un sofisticado programa, las autoridades detectaron el tr\u00e1fico im\u00e1genes en las que figuran chicos en situaci\u00f3n de abusos sexuales, sometidos a distintos actos con adultos y en diferentes escenarios.<\/p>\n\n\n\n<p>El celular radicado en Corrientes impactaba como uno de los destinatarios de contenido directamente vinculado a la pedofilia.<\/p>\n\n\n\n<p>Las autoridades alemanas llevaron a cabo 15.520 investigaciones de abuso infantil el a\u00f1o pasado, frente a los 15.507 casos abiertos en 2021 y a los 17.437 hechos con menores de 14 a\u00f1os v\u00edctimas de violencia sexual en el a\u00f1o 2022, seg\u00fan datos oficiales.<\/p>\n","protected":false},"excerpt":{"rendered":"<p>Se trata de una causa que se inici\u00f3 en Alemania tras una adquisici\u00f3n por 65 euros. Lo detuvieron en plena avenida 3 de Abril. La Polic\u00eda de Corrientes detuvo en&hellip; <\/p>\n","protected":false},"author":4,"featured_media":162716,"comment_status":"closed","ping_status":"open","sticky":false,"template":"","format":"standard","meta":{"footnotes":""},"categories":[33],"tags":[],"class_list":["post-162715","post","type-post","status-publish","format-standard","has-post-thumbnail","hentry","category-policiales"],"_links":{"self":[{"href":"https:\/\/corrientesdetarde.com\/index.php\/wp-json\/wp\/v2\/posts\/162715","targetHints":{"allow":["GET"]}}],"collection":[{"href":"https:\/\/corrientesdetarde.com\/index.php\/wp-json\/wp\/v2\/posts"}],"about":[{"href":"https:\/\/corrientesdetarde.com\/index.php\/wp-json\/wp\/v2\/types\/post"}],"author":[{"embeddable":true,"href":"https:\/\/corrientesdetarde.com\/index.php\/wp-json\/wp\/v2\/users\/4"}],"replies":[{"embeddable":true,"href":"https:\/\/corrientesdetarde.com\/index.php\/wp-json\/wp\/v2\/comments?post=162715"}],"version-history":[{"count":1,"href":"https:\/\/corrientesdetarde.com\/index.php\/wp-json\/wp\/v2\/posts\/162715\/revisions"}],"predecessor-version":[{"id":162717,"href":"https:\/\/corrientesdetarde.com\/index.php\/wp-json\/wp\/v2\/posts\/162715\/revisions\/162717"}],"wp:featuredmedia":[{"embeddable":true,"href":"https:\/\/corrientesdetarde.com\/index.php\/wp-json\/wp\/v2\/media\/162716"}],"wp:attachment":[{"href":"https:\/\/corrientesdetarde.com\/index.php\/wp-json\/wp\/v2\/media?parent=162715"}],"wp:term":[{"taxonomy":"category","embeddable":true,"href":"https:\/\/corrientesdetarde.com\/index.php\/wp-json\/wp\/v2\/categories?post=162715"},{"taxonomy":"post_tag","embeddable":true,"href":"https:\/\/corrientesdetarde.com\/index.php\/wp-json\/wp\/v2\/tags?post=162715"}],"curies":[{"name":"wp","href":"https:\/\/api.w.org\/{rel}","templated":true}]}}