{"id":162723,"date":"2024-08-29T22:58:50","date_gmt":"2024-08-30T01:58:50","guid":{"rendered":"https:\/\/corrientesdetarde.com\/?p=162723"},"modified":"2024-08-29T22:58:55","modified_gmt":"2024-08-30T01:58:55","slug":"con-distintas-propuestas-al-aire-libre-comenzara-un-mes-dedicado-a-la-juventud","status":"publish","type":"post","link":"https:\/\/corrientesdetarde.com\/index.php\/sociales\/con-distintas-propuestas-al-aire-libre-comenzara-un-mes-dedicado-a-la-juventud\/","title":{"rendered":"Con distintas propuestas al aire libre comenzar\u00e1 un mes dedicado a la juventud"},"content":{"rendered":"\n<p><em>La Municipalidad de Corrientes organiz\u00f3 un amplio abanico de actividades para disfrutar de viernes a domingo en distintos espacios p\u00fablicos de la ciudad. Habr\u00e1 exposici\u00f3n de coleccionistas, pe\u00f1a chamamecera, jornadas deportivas y un evento especial como apertura del Mes de la Juventud, con bandas en vivo, DJs y muestras culturales.<\/em><\/p>\n\n\n\n<p>La Municipalidad de Corrientes prepar\u00f3 m\u00faltiples actividades para este fin de semana que se desarrollar\u00e1n en distintos espacios al aire libre para el disfrute de los correntinos y los visitantes que decidan recorrer la ciudad. Entre ellos, un evento especial como apertura del Mes de la Juventud que se llevar\u00e1 adelante el domingo en el parque Camba Cu\u00e1.<br>\u00a0<br>El viernes 30 de agosto, la Feria de Artesanos estar\u00e1 en la plaza Cabral, de 9 a 22, ideal para llevarse un recuerdo especial o hacer un regalo \u00fanico. El s\u00e1bado y domingo, se traslada a Costanera Sur y calle Las Heras, en el mismo horario.<br>\u00a0<\/p>\n\n\n\n<figure class=\"wp-block-image size-large\"><img loading=\"lazy\" decoding=\"async\" width=\"1024\" height=\"678\" src=\"https:\/\/corrientesdetarde.com\/wp-content\/uploads\/2024\/08\/image-1018-1024x678.png\" alt=\"\" class=\"wp-image-162724\" srcset=\"https:\/\/corrientesdetarde.com\/wp-content\/uploads\/2024\/08\/image-1018-1024x678.png 1024w, https:\/\/corrientesdetarde.com\/wp-content\/uploads\/2024\/08\/image-1018-300x199.png 300w, https:\/\/corrientesdetarde.com\/wp-content\/uploads\/2024\/08\/image-1018-768x508.png 768w, https:\/\/corrientesdetarde.com\/wp-content\/uploads\/2024\/08\/image-1018.png 1109w\" sizes=\"auto, (max-width: 1024px) 100vw, 1024px\" \/><\/figure>\n\n\n\n<p><br>En el marco de las distintas actividades que se vienen llevando adelante por el Mes de la Ni\u00f1ez, este viernes a partir de las 8,30 se realizar\u00e1 un recorrido guiado con alumnos del Colegio Virgen Ni\u00f1a de las Toscas, Santa Fe. Esta propuesta se realiza tanto para instituciones educativas, como para grupos de turistas y participantes de congresos que se realizan en la ciudad.<\/p>\n\n\n\n<figure class=\"wp-block-image size-full\"><img loading=\"lazy\" decoding=\"async\" width=\"836\" height=\"553\" src=\"https:\/\/corrientesdetarde.com\/wp-content\/uploads\/2024\/08\/image-1019.png\" alt=\"\" class=\"wp-image-162725\" srcset=\"https:\/\/corrientesdetarde.com\/wp-content\/uploads\/2024\/08\/image-1019.png 836w, https:\/\/corrientesdetarde.com\/wp-content\/uploads\/2024\/08\/image-1019-300x198.png 300w, https:\/\/corrientesdetarde.com\/wp-content\/uploads\/2024\/08\/image-1019-768x508.png 768w\" sizes=\"auto, (max-width: 836px) 100vw, 836px\" \/><\/figure>\n\n\n\n<p><br>\u00a0<br>Asimismo, en el parque Mitre (J.M Rol\u00f3n y Av. Gdor. Pujol), de 8 a 12, se llevar\u00e1 adelante un festejo para cerrar el Mes de las Infancias, con feria de emprendedores, m\u00fasica y shows en vivo.<br>\u00a0<br>En tanto que el s\u00e1bado 31 de agosto, de 8 a 12, se desarrollar\u00e1 una jornada deportiva de &#8216;Prevenci\u00f3n de Consumos Problem\u00e1ticos&#8217; en el CIC General Andresito (Cristo Obrero 345) en el marco de las actividades, con juegos, deportes y charlas.<\/p>\n\n\n\n<figure class=\"wp-block-image size-full\"><img loading=\"lazy\" decoding=\"async\" width=\"836\" height=\"549\" src=\"https:\/\/corrientesdetarde.com\/wp-content\/uploads\/2024\/08\/image-1020.png\" alt=\"\" class=\"wp-image-162726\" srcset=\"https:\/\/corrientesdetarde.com\/wp-content\/uploads\/2024\/08\/image-1020.png 836w, https:\/\/corrientesdetarde.com\/wp-content\/uploads\/2024\/08\/image-1020-300x197.png 300w, https:\/\/corrientesdetarde.com\/wp-content\/uploads\/2024\/08\/image-1020-768x504.png 768w\" sizes=\"auto, (max-width: 836px) 100vw, 836px\" \/><\/figure>\n\n\n\n<p><br>\u00a0<br>Por otra parte, el barrio Nuevo (Ramos Mejia y Tupac Amar\u00fa) ser\u00e1 el escenario de una nueva edici\u00f3n de \u00a1A Bailar en los Barrios! con shows musicales desde las 16. En esta ocasi\u00f3n, habr\u00e1 carnaval barrial con la presencia de la Bater\u00eda Infernal de Renacer, Comparsa Bella Esperanza, Agrupaci\u00f3n Musical Samba Pasi\u00f3n. Actuar\u00e1 adem\u00e1s el elenco municipal Selva Guaran\u00ed, Los Kara\u00ed del Chamam\u00e9, Cumbia Tina y el gran cierre estar\u00e1 a cargo de Quo Vadis. Adem\u00e1s, actividades para ni\u00f1os y feria gastron\u00f3mica.<br>\u00a0<br>El domingo, de 11 a 19, se realizar\u00e1 el \u201cCorrientes colecciona\u201d en el Colegio Nacional. Se trata de una exposici\u00f3n de multi-coleccionismo de monedas, billetes, estampillas, autos a escala, latas, comics y figuras de acci\u00f3n; con mesas con profesionales y disertaciones tem\u00e1ticas.<br>\u00a0<br>MES DE LA JUVENTUD<br>\u00a0<br>En la tarde del domingo se llevar\u00e1 adelante la apertura del Mes de la Juventud con una jornada de actividades y muestras culturales en el parque Camba Cu\u00e1. Habr\u00e1 bandas en vivo, DJs y muestras culturales.<br>\u00a0<br>A partir de las 18, en el marco del Ciclo &#8220;Nuestra m\u00fasica&#8221;, en el Centro Cultural Adolfo Mors (Carlos Pellegrini 542) actuar\u00e1n DJ Emiliano De Biasi, AlteradoZ y Sabor a Cumbia. Habr\u00e1 adem\u00e1s patio gastron\u00f3mico.<br>\u00a0<br>Desde las 17, en la rotonda Plaza Espa\u00f1a (Av. Pujol y Carlos Pellegrini) ser\u00e1 el turno de una nueva edici\u00f3n de la Pe\u00f1a de la Ciudad. En esta oportunidad, actuar\u00e1n: elenco municipal &#8216;Ra\u00edz Chamamecera&#8217;, Gustavo M\u00e9ndez, Lalo Ben\u00edtez, Cacho Esp\u00edndola, Paola Castillo, Anyelina Barnes, la Chaque\u00f1ita, Enchamigada chamamecera. Habr\u00e1 adem\u00e1s feria gastron\u00f3mica y de emprendedores.<\/p>\n\n\n\n<figure class=\"wp-block-image size-full\"><img loading=\"lazy\" decoding=\"async\" width=\"722\" height=\"904\" src=\"https:\/\/corrientesdetarde.com\/wp-content\/uploads\/2024\/08\/image-1021.png\" alt=\"\" class=\"wp-image-162727\" srcset=\"https:\/\/corrientesdetarde.com\/wp-content\/uploads\/2024\/08\/image-1021.png 722w, https:\/\/corrientesdetarde.com\/wp-content\/uploads\/2024\/08\/image-1021-240x300.png 240w\" sizes=\"auto, (max-width: 722px) 100vw, 722px\" \/><\/figure>\n\n\n\n<figure class=\"wp-block-image size-full\"><img loading=\"lazy\" decoding=\"async\" width=\"723\" height=\"908\" src=\"https:\/\/corrientesdetarde.com\/wp-content\/uploads\/2024\/08\/image-1022.png\" alt=\"\" class=\"wp-image-162728\" srcset=\"https:\/\/corrientesdetarde.com\/wp-content\/uploads\/2024\/08\/image-1022.png 723w, https:\/\/corrientesdetarde.com\/wp-content\/uploads\/2024\/08\/image-1022-239x300.png 239w\" sizes=\"auto, (max-width: 723px) 100vw, 723px\" \/><\/figure>\n","protected":false},"excerpt":{"rendered":"<p>La Municipalidad de Corrientes organiz\u00f3 un amplio abanico de actividades para disfrutar de viernes a domingo en distintos espacios p\u00fablicos de la ciudad. Habr\u00e1 exposici\u00f3n de coleccionistas, pe\u00f1a chamamecera, jornadas&hellip; <\/p>\n","protected":false},"author":4,"featured_media":162724,"comment_status":"closed","ping_status":"open","sticky":false,"template":"","format":"standard","meta":{"footnotes":""},"categories":[17],"tags":[],"class_list":["post-162723","post","type-post","status-publish","format-standard","has-post-thumbnail","hentry","category-sociales"],"_links":{"self":[{"href":"https:\/\/corrientesdetarde.com\/index.php\/wp-json\/wp\/v2\/posts\/162723","targetHints":{"allow":["GET"]}}],"collection":[{"href":"https:\/\/corrientesdetarde.com\/index.php\/wp-json\/wp\/v2\/posts"}],"about":[{"href":"https:\/\/corrientesdetarde.com\/index.php\/wp-json\/wp\/v2\/types\/post"}],"author":[{"embeddable":true,"href":"https:\/\/corrientesdetarde.com\/index.php\/wp-json\/wp\/v2\/users\/4"}],"replies":[{"embeddable":true,"href":"https:\/\/corrientesdetarde.com\/index.php\/wp-json\/wp\/v2\/comments?post=162723"}],"version-history":[{"count":1,"href":"https:\/\/corrientesdetarde.com\/index.php\/wp-json\/wp\/v2\/posts\/162723\/revisions"}],"predecessor-version":[{"id":162729,"href":"https:\/\/corrientesdetarde.com\/index.php\/wp-json\/wp\/v2\/posts\/162723\/revisions\/162729"}],"wp:featuredmedia":[{"embeddable":true,"href":"https:\/\/corrientesdetarde.com\/index.php\/wp-json\/wp\/v2\/media\/162724"}],"wp:attachment":[{"href":"https:\/\/corrientesdetarde.com\/index.php\/wp-json\/wp\/v2\/media?parent=162723"}],"wp:term":[{"taxonomy":"category","embeddable":true,"href":"https:\/\/corrientesdetarde.com\/index.php\/wp-json\/wp\/v2\/categories?post=162723"},{"taxonomy":"post_tag","embeddable":true,"href":"https:\/\/corrientesdetarde.com\/index.php\/wp-json\/wp\/v2\/tags?post=162723"}],"curies":[{"name":"wp","href":"https:\/\/api.w.org\/{rel}","templated":true}]}}