{"id":162732,"date":"2024-08-30T07:28:12","date_gmt":"2024-08-30T10:28:12","guid":{"rendered":"https:\/\/corrientesdetarde.com\/?p=162732"},"modified":"2024-08-30T07:28:24","modified_gmt":"2024-08-30T10:28:24","slug":"los-carritos-de-costanera-deberan-dejar-ese-espacio-antes-del-domingo","status":"publish","type":"post","link":"https:\/\/corrientesdetarde.com\/index.php\/locales\/los-carritos-de-costanera-deberan-dejar-ese-espacio-antes-del-domingo\/","title":{"rendered":"Los Carritos de Costanera deber\u00e1n dejar ese espacio antes del domingo"},"content":{"rendered":"\n<p>Son horas decisivas para los populares carritos gastron\u00f3micos ubicados frente al remozado anfiteatro Jos\u00e9 Hern\u00e1ndez. Es que desde el Municipio les dieron un ultim\u00e1tum y deber\u00e1n dejar este s\u00e1bado 31 de agosto ese espacio costero para trasladarse de inmediato al nuevo lugar designado en el paseo Arazaty en la Costanera Sur, en inmediaciones de la plaza recientemente inaugurada.<\/p>\n\n\n\n<p>Pese a que ya hab\u00eda un acuerdo casi un\u00e1nime con los comerciantes del rubro, volvi\u00f3 a crecer la incertidumbre por lo que ocurrir\u00e1 con algunos de ellos ya que con anterioridad a esta fecha l\u00edmite habr\u00edan presentado amparos judiciales y, en principio, se resistir\u00edan al proceso de traslado, lo que los expondr\u00eda a la posibilidad cierta de ser retirados a la fuerza por la Polic\u00eda.<\/p>\n\n\n\n<p>En lo que se refiere a los comerciantes que decidieron aceptar el traslado, se instalar\u00e1n al costado de los juegos para los m\u00e1s peque\u00f1os y frente al puesto de Seguridad Vial una vez que finalicen con los \u00faltimos detalles.<\/p>\n\n\n\n<h2 class=\"wp-block-heading\">Comunicado de la Municipalidad<\/h2>\n\n\n\n<p>En las \u00faltimas horas, confirmando lo expuesto, la Subsecretar\u00eda de Comercio inform\u00f3 que tiene a disposici\u00f3n los formularios correspondientes para la solicitud de inspecci\u00f3n de los carros que van a ubicarse en el denominado &#8220;Paseo Arazaty II&#8221; a los fines de verificar el cumplimiento de los requisitos solicitados en la Ordenanza N\u00b01841\/24.<\/p>\n\n\n\n<p>En la nota formal enviada a los comerciantes, se les recuerda que &#8220;para solicitar la inspecci\u00f3n es requisito indispensable que los carros ubicados en Costanera Norte se hayan retirado de la v\u00eda p\u00fablica de manera previa&#8221;.<\/p>\n\n\n\n<p>El d\u00eda de fecha l\u00edmite para ese retiro ser\u00e1 el s\u00e1bado 31 de agosto, momento en que finalizar\u00eda el plazo estipulado y que conoc\u00edan todos los propietarios de los carros gastron\u00f3micos.<\/p>\n\n\n\n<p>Cabe se\u00f1alar que los puestos de comida ubicados en la Costanera Sur se trasladaron a mediados de marzo al Paseo Iber\u00e1 en puestos gastron\u00f3micos prefabricados.<\/p>\n\n\n\n<p>Ahora habr\u00e1 que ver qu\u00e9 ocurrir\u00e1 con aquellos propietarios que presentaron recursos de amparo para poder quedarse.<\/p>\n","protected":false},"excerpt":{"rendered":"<p>Son horas decisivas para los populares carritos gastron\u00f3micos ubicados frente al remozado anfiteatro Jos\u00e9 Hern\u00e1ndez. Es que desde el Municipio les dieron un ultim\u00e1tum y deber\u00e1n dejar este s\u00e1bado 31&hellip; <\/p>\n","protected":false},"author":1,"featured_media":162733,"comment_status":"closed","ping_status":"open","sticky":false,"template":"","format":"standard","meta":{"footnotes":""},"categories":[8],"tags":[],"class_list":["post-162732","post","type-post","status-publish","format-standard","has-post-thumbnail","hentry","category-locales"],"_links":{"self":[{"href":"https:\/\/corrientesdetarde.com\/index.php\/wp-json\/wp\/v2\/posts\/162732","targetHints":{"allow":["GET"]}}],"collection":[{"href":"https:\/\/corrientesdetarde.com\/index.php\/wp-json\/wp\/v2\/posts"}],"about":[{"href":"https:\/\/corrientesdetarde.com\/index.php\/wp-json\/wp\/v2\/types\/post"}],"author":[{"embeddable":true,"href":"https:\/\/corrientesdetarde.com\/index.php\/wp-json\/wp\/v2\/users\/1"}],"replies":[{"embeddable":true,"href":"https:\/\/corrientesdetarde.com\/index.php\/wp-json\/wp\/v2\/comments?post=162732"}],"version-history":[{"count":1,"href":"https:\/\/corrientesdetarde.com\/index.php\/wp-json\/wp\/v2\/posts\/162732\/revisions"}],"predecessor-version":[{"id":162734,"href":"https:\/\/corrientesdetarde.com\/index.php\/wp-json\/wp\/v2\/posts\/162732\/revisions\/162734"}],"wp:featuredmedia":[{"embeddable":true,"href":"https:\/\/corrientesdetarde.com\/index.php\/wp-json\/wp\/v2\/media\/162733"}],"wp:attachment":[{"href":"https:\/\/corrientesdetarde.com\/index.php\/wp-json\/wp\/v2\/media?parent=162732"}],"wp:term":[{"taxonomy":"category","embeddable":true,"href":"https:\/\/corrientesdetarde.com\/index.php\/wp-json\/wp\/v2\/categories?post=162732"},{"taxonomy":"post_tag","embeddable":true,"href":"https:\/\/corrientesdetarde.com\/index.php\/wp-json\/wp\/v2\/tags?post=162732"}],"curies":[{"name":"wp","href":"https:\/\/api.w.org\/{rel}","templated":true}]}}