{"id":162781,"date":"2024-08-30T10:21:32","date_gmt":"2024-08-30T13:21:32","guid":{"rendered":"https:\/\/corrientesdetarde.com\/?p=162781"},"modified":"2024-08-30T10:21:49","modified_gmt":"2024-08-30T13:21:49","slug":"la-legislatura-abrio-sus-puertas-para-homenajear-a-los-adultos-mayores","status":"publish","type":"post","link":"https:\/\/corrientesdetarde.com\/index.php\/eventossociedad\/la-legislatura-abrio-sus-puertas-para-homenajear-a-los-adultos-mayores\/","title":{"rendered":"La Legislatura abri\u00f3 sus puertas para homenajear a los adultos mayores"},"content":{"rendered":"\n<p>EN EL MARCO DEL D\u00cdA NACIONAL DE LA ANCIANIDAD<\/p>\n\n\n\n<p>La Vicegobernaci\u00f3n y la C\u00e1mara de Senadores de la Provincia, a trav\u00e9s de Cultura Senado, organizaron una conmemoraci\u00f3n a los hombres y mujeres de la tercera edad que se desarroll\u00f3 en el hall de entrada del Palacio Legislativo y en el que se desarroll\u00f3 distintos n\u00fameros musicales y hasta un desfile de moda.<\/p>\n\n\n\n<p>El D\u00eda Nacional de la Ancianidad brinda una oportunidad invaluable para reflexionar sobre el valioso papel que desempe\u00f1an los adultos mayores en la sociedad. Sus experiencias, sabidur\u00edas y entusiasmo son fuente de inspiraci\u00f3n para todos. Por ello se destac\u00f3 que este homenaje \u201ces un reconocimiento a su contribuci\u00f3n inestimable y a su derecho a disfrutar de una vida plena y digna\u201d.<\/p>\n\n\n\n<p>La diputada Albana Rotela, como principal impulsora de este homenaje, destac\u00f3 que \u201cgracias al vicegobernador, Pedro Braillard Poccard, se abrieron las puertas de la Legislatura para los adultos mayores. Ayer se conmemor\u00f3 el D\u00eda de la Ancianidad y hoy lo vimos y lo vivimos con muchos n\u00fameros, baile, canto, un coro, un desfile de moda\u2026 La verdad que ver a nuestros adultos que transmiten tantas ganas de vivir y disfrutar, contagia y reconforta el alma\u201d.<\/p>\n\n\n\n<p>\u201cEs importante para ellos poder desarrollar este tipo de actividades porque nunca es tarde. Lo m\u00e1s lindo es verlos a todos. Estas mujeres -que son la gran mayor\u00eda- que fueron acompa\u00f1adas por toda su familia, vinieron los nietos, vinieron a verlos sus hijos y creo que esto es lo destacable porque revaloriza lo que hacen, lo que quieren y c\u00f3mo llevan la vida\u201d.<\/p>\n\n\n\n<p>El acto se inici\u00f3 con la actuaci\u00f3n del coro \u201cEdad Feliz\u201d, integrado exclusivamente por adultos mayores, y que pertenece al Club de Abuelos Edad Feliz Interpretaron cuatro temas musicales. Esta agrupaci\u00f3n coral se inici\u00f3 hace 14 a\u00f1os y fue creciendo en calidad interpretativa y cantidad de participantes. En la actualidad participan 30 coreutas bajo la direcci\u00f3n de la profesora Wanda Velozo y acompa\u00f1ados por la guitarra de Ricardo Rodr\u00edguez.<\/p>\n\n\n\n<p>Luego fue el turno del grupo de baile \u201cJuanitas las populares\u201d, integrado por 20 ancianas entusiastas que forman parte del Club que lleva el mismo nombre y funciona en las Mil Viviendas de esta Capital; quienes contagiaron sus alegr\u00edas y ganas de vivir al ritmo de la m\u00fasica.<\/p>\n\n\n\n<p>Y el cierre estuvo a cargo del grupo Fashion Top integrado por adultos mayores, creado el 21 de octubre del 2022, quienes desfilaron con estilo propio, demostrando que tambi\u00e9n esta edad se puede cumplir los sue\u00f1os, llevando este mensaje a trav\u00e9s de las pasarelas.<\/p>\n\n\n\n<figure class=\"wp-block-embed is-type-video is-provider-youtube wp-block-embed-youtube wp-embed-aspect-16-9 wp-has-aspect-ratio\"><div class=\"wp-block-embed__wrapper\">\n<iframe loading=\"lazy\" title=\"Homenaje al D\u00eda de la Ancianidad\" width=\"1110\" height=\"624\" src=\"https:\/\/www.youtube.com\/embed\/i2NutwRYTsI?feature=oembed\" frameborder=\"0\" allow=\"accelerometer; autoplay; clipboard-write; encrypted-media; gyroscope; picture-in-picture; web-share\" referrerpolicy=\"strict-origin-when-cross-origin\" allowfullscreen><\/iframe>\n<\/div><\/figure>\n\n\n\n<figure class=\"wp-block-image size-full\"><img loading=\"lazy\" decoding=\"async\" width=\"1012\" height=\"678\" src=\"https:\/\/corrientesdetarde.com\/wp-content\/uploads\/2024\/08\/image-1040.png\" alt=\"\" class=\"wp-image-162800\" srcset=\"https:\/\/corrientesdetarde.com\/wp-content\/uploads\/2024\/08\/image-1040.png 1012w, https:\/\/corrientesdetarde.com\/wp-content\/uploads\/2024\/08\/image-1040-300x201.png 300w, https:\/\/corrientesdetarde.com\/wp-content\/uploads\/2024\/08\/image-1040-768x515.png 768w\" sizes=\"auto, (max-width: 1012px) 100vw, 1012px\" \/><\/figure>\n\n\n\n<figure class=\"wp-block-image size-large\"><img loading=\"lazy\" decoding=\"async\" width=\"1024\" height=\"670\" src=\"https:\/\/corrientesdetarde.com\/wp-content\/uploads\/2024\/08\/image-1041-1024x670.png\" alt=\"\" class=\"wp-image-162801\" srcset=\"https:\/\/corrientesdetarde.com\/wp-content\/uploads\/2024\/08\/image-1041-1024x670.png 1024w, https:\/\/corrientesdetarde.com\/wp-content\/uploads\/2024\/08\/image-1041-300x196.png 300w, https:\/\/corrientesdetarde.com\/wp-content\/uploads\/2024\/08\/image-1041-768x503.png 768w, https:\/\/corrientesdetarde.com\/wp-content\/uploads\/2024\/08\/image-1041.png 1033w\" sizes=\"auto, (max-width: 1024px) 100vw, 1024px\" \/><\/figure>\n\n\n\n<figure class=\"wp-block-image size-full\"><img loading=\"lazy\" decoding=\"async\" width=\"1025\" height=\"669\" src=\"https:\/\/corrientesdetarde.com\/wp-content\/uploads\/2024\/08\/image-1039.png\" alt=\"\" class=\"wp-image-162799\" srcset=\"https:\/\/corrientesdetarde.com\/wp-content\/uploads\/2024\/08\/image-1039.png 1025w, https:\/\/corrientesdetarde.com\/wp-content\/uploads\/2024\/08\/image-1039-300x196.png 300w, https:\/\/corrientesdetarde.com\/wp-content\/uploads\/2024\/08\/image-1039-768x501.png 768w\" sizes=\"auto, (max-width: 1025px) 100vw, 1025px\" \/><\/figure>\n","protected":false},"excerpt":{"rendered":"<p>EN EL MARCO DEL D\u00cdA NACIONAL DE LA ANCIANIDAD La Vicegobernaci\u00f3n y la C\u00e1mara de Senadores de la Provincia, a trav\u00e9s de Cultura Senado, organizaron una conmemoraci\u00f3n a los hombres&hellip; <\/p>\n","protected":false},"author":1,"featured_media":162802,"comment_status":"closed","ping_status":"open","sticky":false,"template":"","format":"standard","meta":{"footnotes":""},"categories":[1208],"tags":[],"class_list":["post-162781","post","type-post","status-publish","format-standard","has-post-thumbnail","hentry","category-eventossociedad"],"_links":{"self":[{"href":"https:\/\/corrientesdetarde.com\/index.php\/wp-json\/wp\/v2\/posts\/162781","targetHints":{"allow":["GET"]}}],"collection":[{"href":"https:\/\/corrientesdetarde.com\/index.php\/wp-json\/wp\/v2\/posts"}],"about":[{"href":"https:\/\/corrientesdetarde.com\/index.php\/wp-json\/wp\/v2\/types\/post"}],"author":[{"embeddable":true,"href":"https:\/\/corrientesdetarde.com\/index.php\/wp-json\/wp\/v2\/users\/1"}],"replies":[{"embeddable":true,"href":"https:\/\/corrientesdetarde.com\/index.php\/wp-json\/wp\/v2\/comments?post=162781"}],"version-history":[{"count":2,"href":"https:\/\/corrientesdetarde.com\/index.php\/wp-json\/wp\/v2\/posts\/162781\/revisions"}],"predecessor-version":[{"id":162804,"href":"https:\/\/corrientesdetarde.com\/index.php\/wp-json\/wp\/v2\/posts\/162781\/revisions\/162804"}],"wp:featuredmedia":[{"embeddable":true,"href":"https:\/\/corrientesdetarde.com\/index.php\/wp-json\/wp\/v2\/media\/162802"}],"wp:attachment":[{"href":"https:\/\/corrientesdetarde.com\/index.php\/wp-json\/wp\/v2\/media?parent=162781"}],"wp:term":[{"taxonomy":"category","embeddable":true,"href":"https:\/\/corrientesdetarde.com\/index.php\/wp-json\/wp\/v2\/categories?post=162781"},{"taxonomy":"post_tag","embeddable":true,"href":"https:\/\/corrientesdetarde.com\/index.php\/wp-json\/wp\/v2\/tags?post=162781"}],"curies":[{"name":"wp","href":"https:\/\/api.w.org\/{rel}","templated":true}]}}