{"id":162782,"date":"2024-08-30T10:14:21","date_gmt":"2024-08-30T13:14:21","guid":{"rendered":"https:\/\/corrientesdetarde.com\/?p=162782"},"modified":"2024-08-30T10:14:32","modified_gmt":"2024-08-30T13:14:32","slug":"continua-abierta-la-inscripcion-para-adoptar-a-thiago","status":"publish","type":"post","link":"https:\/\/corrientesdetarde.com\/index.php\/sociales\/continua-abierta-la-inscripcion-para-adoptar-a-thiago\/","title":{"rendered":"Contin\u00faa abierta la inscripci\u00f3n para adoptar a Thiago"},"content":{"rendered":"\n<p>A Thiago le gusta trabajar en el taller de carpinter\u00eda y pescar. Pero lo m\u00e1s importante es compartir sus hobbies con una mam\u00e1 y pap\u00e1 que disfruten junto a \u00e9l.<\/p>\n\n\n\n<p>Hace cuatro a\u00f1os vive en una instituci\u00f3n y quiere que eso cambie. Desea sentir y disfrutar del calor de un hogar.<\/p>\n\n\n\n<p>&#8220;Me gustan hacer muchas cosas, mi favorita es trabajar con madera pero tambi\u00e9n se cocinar, cortar el pelo y amo la naturaleza y el agua. Por eso disfruto mucho de la pesca. Me encantar\u00eda ser embarcadizo&#8221;, explica el ni\u00f1o.<\/p>\n\n\n\n<p>Thiago tuvo una lamentable historia familiar con situaciones continuas de abandono y por ello se necesita una persona o familia responsable y con condiciones psicol\u00f3gicas, morales y materiales para asumir su cuidado.<\/p>\n\n\n\n<p>Le manifest\u00f3 a la jueza su deseo de ser adoptado por una pareja o mujer sola, que no tenga hijos y que lo pueda cuidar.<\/p>\n\n\n\n<p><strong>Una personalidad alegre y entusiasta<\/strong><\/p>\n\n\n\n<p>Thiago es de personalidad alegre y entusiasta. Disfruta de actividades recreativas al aire libre que impliquen salidas externas y compartir tiempo en conjunto con pares y adultos, ir a la plaza, pescar, andar en bicicleta y gustar\u00eda profundizar sus conocimientos en carpinter\u00eda.<\/p>\n\n\n\n<p>Participa de la din\u00e1mica institucional, integr\u00e1ndose con facilidad y realizando las actividades propuestas.<\/p>\n\n\n\n<p>Recibe apoyo escolar en la instituci\u00f3n donde reside, especialmente matem\u00e1tica para continuar sus estudios primarios este a\u00f1o.<\/p>\n\n\n\n<p>Posee CUD (Certificado \u00danico de Discapacidad) con diagn\u00f3stico de retraso mental leve y se encuentra en buen estado de salud en general.<\/p>\n\n\n\n<p><strong>\u00bfC\u00f3mo hacer para adoptar a Thiago?<\/strong><\/p>\n\n\n\n<p>La jueza de Familia, Ni\u00f1ez y Adolescencia N\u00b0 3 de la ciudad de Corrientes a cargo de la doctora Alicia Infante y mediante la intervenci\u00f3n del Registro \u00danico de Aspirantes a Guarda con fines Adoptivos de Corrientes (RUACtes), dispuso la Convocatoria P\u00fablica Nacional.<\/p>\n\n\n\n<p>Los interesados en asumir el compromiso de recibirlo y brindarle un entorno familiar de amor, protecci\u00f3n y cuidados, ser\u00e1n evaluados por el Cuerpo Interdisciplinario del Poder Judicial.<\/p>\n\n\n\n<p><strong>Donde inscribirse<\/strong><\/p>\n\n\n\n<p>Para ello deber\u00e1n inscribirse enviando el Formulario de Convocatorias P\u00fablicas (P\u00e1gina Web del Poder Judicial de Corrientes- Solapa RUACtes- Convocatorias P\u00fablicas) a: \u2013 Juzgado de Familia , Ni\u00f1ez y Adolescencia N\u00b0 3-:\u00a0jfamilia3-capital@juscorrientes.gov.ar\u00a0o para consultas comunicarse de lunes a viernes de 7 a 13 horas al Tel\u00e9fono: (379) \u2013 4104341\/ 4104340.<\/p>\n\n\n\n<p>Tambi\u00e9n podr\u00e1n consultar al Registro \u00danico de Aspirantes a Guarda con Fines Adoptivos de Corrientes (RUACtes-Poder Judicial):&nbsp;registroadopcion@juscorrientes.gov.ar&nbsp;-sito en calle Carlos Pellegrini N\u00b0 917 -Entrepiso- o para consultas comunicarse de lunes a viernes de 7 a 13 horas al Tel\u00e9fono: 0379-4104298.<\/p>\n","protected":false},"excerpt":{"rendered":"<p>A Thiago le gusta trabajar en el taller de carpinter\u00eda y pescar. Pero lo m\u00e1s importante es compartir sus hobbies con una mam\u00e1 y pap\u00e1 que disfruten junto a \u00e9l.&hellip; <\/p>\n","protected":false},"author":1,"featured_media":162792,"comment_status":"closed","ping_status":"open","sticky":false,"template":"","format":"standard","meta":{"footnotes":""},"categories":[17],"tags":[],"class_list":["post-162782","post","type-post","status-publish","format-standard","has-post-thumbnail","hentry","category-sociales"],"_links":{"self":[{"href":"https:\/\/corrientesdetarde.com\/index.php\/wp-json\/wp\/v2\/posts\/162782","targetHints":{"allow":["GET"]}}],"collection":[{"href":"https:\/\/corrientesdetarde.com\/index.php\/wp-json\/wp\/v2\/posts"}],"about":[{"href":"https:\/\/corrientesdetarde.com\/index.php\/wp-json\/wp\/v2\/types\/post"}],"author":[{"embeddable":true,"href":"https:\/\/corrientesdetarde.com\/index.php\/wp-json\/wp\/v2\/users\/1"}],"replies":[{"embeddable":true,"href":"https:\/\/corrientesdetarde.com\/index.php\/wp-json\/wp\/v2\/comments?post=162782"}],"version-history":[{"count":1,"href":"https:\/\/corrientesdetarde.com\/index.php\/wp-json\/wp\/v2\/posts\/162782\/revisions"}],"predecessor-version":[{"id":162793,"href":"https:\/\/corrientesdetarde.com\/index.php\/wp-json\/wp\/v2\/posts\/162782\/revisions\/162793"}],"wp:featuredmedia":[{"embeddable":true,"href":"https:\/\/corrientesdetarde.com\/index.php\/wp-json\/wp\/v2\/media\/162792"}],"wp:attachment":[{"href":"https:\/\/corrientesdetarde.com\/index.php\/wp-json\/wp\/v2\/media?parent=162782"}],"wp:term":[{"taxonomy":"category","embeddable":true,"href":"https:\/\/corrientesdetarde.com\/index.php\/wp-json\/wp\/v2\/categories?post=162782"},{"taxonomy":"post_tag","embeddable":true,"href":"https:\/\/corrientesdetarde.com\/index.php\/wp-json\/wp\/v2\/tags?post=162782"}],"curies":[{"name":"wp","href":"https:\/\/api.w.org\/{rel}","templated":true}]}}