{"id":162789,"date":"2024-08-30T09:57:24","date_gmt":"2024-08-30T12:57:24","guid":{"rendered":"https:\/\/corrientesdetarde.com\/?p=162789"},"modified":"2024-08-30T09:57:29","modified_gmt":"2024-08-30T12:57:29","slug":"investigacion-de-tiempo-argentino-revela-millonario-negocio-entre-clarin-y-el-gobierno-porteno","status":"publish","type":"post","link":"https:\/\/corrientesdetarde.com\/index.php\/politica\/investigacion-de-tiempo-argentino-revela-millonario-negocio-entre-clarin-y-el-gobierno-porteno\/","title":{"rendered":"INVESTIGACI\u00d3N DE TIEMPO ARGENTINO REVELA MILLONARIO NEGOCIO ENTRE CLAR\u00cdN Y EL GOBIERNO PORTE\u00d1O"},"content":{"rendered":"\n<p>Una investigaci\u00f3n del diario Tiempo Argentino (Tiempo.ar) expone un millonario negocio que involucra a tres altos directivos del diario Clar\u00edn y al Gobierno de la Ciudad de Buenos Aires en la organizaci\u00f3n de la Marat\u00f3n de Buenos Aires. Seg\u00fan la denuncia realizada por el diputado Rodolfo Tailhade, solo este domingo la recaudaci\u00f3n habr\u00eda alcanzado los 1.600 millones de pesos, pero se estima que podr\u00eda llegar a 3.000 millones, lo que ha desatado un pedido de investigaci\u00f3n sobre el uso de recursos estatales para beneficiar a los organizadores.<\/p>\n\n\n\n<p>La pol\u00e9mica surge en torno a la Fundaci\u00f3n \u00d1and\u00fa, organizadora de la competencia, cuya directiva est\u00e1 encabezada por Ricardo Roa, editor general de Clar\u00edn, junto a Luis Vinker y Pablo Vaca, ambos jefes dentro del mismo medio. Desde 2013, bajo la direcci\u00f3n de Roa, la entidad cambi\u00f3 su estatuto de asociaci\u00f3n civil a empresa privada, un movimiento que levant\u00f3 sospechas sobre posibles conflictos de intereses.<\/p>\n\n\n\n<p>Millonaria recaudaci\u00f3n y uso de recursos p\u00fablicos<br>La Marat\u00f3n de Buenos Aires, que tendr\u00e1 su evento final el pr\u00f3ximo 22 de septiembre, cuenta con el apoyo publicitario del Gobierno de la Ciudad de Buenos Aires y de grandes marcas como Adidas. El gobierno porte\u00f1o tambi\u00e9n proporciona infraestructura estatal, incluyendo el uso de la Polic\u00eda de la Ciudad para garantizar la seguridad durante el recorrido de 42 kil\u00f3metros, sin que haya claridad sobre los beneficios para el Estado.<\/p>\n\n\n\n<p>El costo de inscripci\u00f3n a la media marat\u00f3n es de $45.000 para residentes locales y USD 80 para extranjeros, mientras que la inscripci\u00f3n a la marat\u00f3n del 22 de septiembre sube a $55.000 y USD 90, respectivamente. Seg\u00fan Tailhade, m\u00e1s de 25.000 personas participaron en la media marat\u00f3n, de las cuales unas 4.000 eran extranjeras, generando ingresos estimados en 2.300 millones de pesos solo por las inscripciones. A esto se suman otros ingresos por merchandising, alquiler de lockers y servicios adicionales.<\/p>\n\n\n\n<p>Relaci\u00f3n entre el gobierno porte\u00f1o y los organizadores<br>El diputado Tailhade cuestiona el rol del jefe de Gobierno porte\u00f1o, Jorge Macri, al facilitar recursos p\u00fablicos para un evento cuyos beneficios parecen concentrarse en pocas manos. \u201cHay que investigar la participaci\u00f3n del Gobierno porte\u00f1o, porque o no se quiso meter en los negocios de Roa por temor a Clar\u00edn, o participa de alguna manera\u201d, afirm\u00f3.<\/p>\n\n\n\n<p>Adem\u00e1s, Tailhade adelant\u00f3 que llevar\u00e1 el caso ante la Unidad de Informaci\u00f3n Financiera (UIF) y la Procuradur\u00eda contra el Lavado de Activos (Procelac) para investigar posibles delitos de lavado de dinero.<\/p>\n\n\n\n<p>Ingresos adicionales y falta de transparencia<br>La empresa \u00d1and\u00fa tambi\u00e9n genera ingresos adicionales a trav\u00e9s de patrocinios de empresas como Telecom, Banco Ciudad y otros auspiciantes menores. Adem\u00e1s, se cobra por servicios extra a los corredores, como el estampado de nombres en camisetas, grabado de medallas, y servicios VIP, que suman miles de pesos por participante.<\/p>\n\n\n\n<p>La organizaci\u00f3n de la marat\u00f3n y la media marat\u00f3n de Buenos Aires nunca fue licitada p\u00fablicamente. A pesar de mantener su fachada de fundaci\u00f3n, \u00d1and\u00fa se transform\u00f3 en una sociedad an\u00f3nima a inicios de 2024, con sede en una direcci\u00f3n residencial en Villa Urquiza, lo que plantea dudas sobre la transparencia y la legalidad de su operativa.<\/p>\n\n\n\n<p>Impacto de la denuncia<br>Esta investigaci\u00f3n de Tiempo Argentino ha generado un fuerte revuelo pol\u00edtico y social, poniendo en tela de juicio la relaci\u00f3n entre el gobierno porte\u00f1o y uno de los principales medios de comunicaci\u00f3n del pa\u00eds. La denuncia busca esclarecer c\u00f3mo se gestionan los recursos p\u00fablicos y garantizar la transparencia en la organizaci\u00f3n de eventos deportivos de gran magnitud.<\/p>\n","protected":false},"excerpt":{"rendered":"<p>Una investigaci\u00f3n del diario Tiempo Argentino (Tiempo.ar) expone un millonario negocio que involucra a tres altos directivos del diario Clar\u00edn y al Gobierno de la Ciudad de Buenos Aires en&hellip; <\/p>\n","protected":false},"author":11,"featured_media":162790,"comment_status":"closed","ping_status":"open","sticky":false,"template":"","format":"standard","meta":{"footnotes":""},"categories":[3],"tags":[],"class_list":["post-162789","post","type-post","status-publish","format-standard","has-post-thumbnail","hentry","category-politica"],"_links":{"self":[{"href":"https:\/\/corrientesdetarde.com\/index.php\/wp-json\/wp\/v2\/posts\/162789","targetHints":{"allow":["GET"]}}],"collection":[{"href":"https:\/\/corrientesdetarde.com\/index.php\/wp-json\/wp\/v2\/posts"}],"about":[{"href":"https:\/\/corrientesdetarde.com\/index.php\/wp-json\/wp\/v2\/types\/post"}],"author":[{"embeddable":true,"href":"https:\/\/corrientesdetarde.com\/index.php\/wp-json\/wp\/v2\/users\/11"}],"replies":[{"embeddable":true,"href":"https:\/\/corrientesdetarde.com\/index.php\/wp-json\/wp\/v2\/comments?post=162789"}],"version-history":[{"count":1,"href":"https:\/\/corrientesdetarde.com\/index.php\/wp-json\/wp\/v2\/posts\/162789\/revisions"}],"predecessor-version":[{"id":162791,"href":"https:\/\/corrientesdetarde.com\/index.php\/wp-json\/wp\/v2\/posts\/162789\/revisions\/162791"}],"wp:featuredmedia":[{"embeddable":true,"href":"https:\/\/corrientesdetarde.com\/index.php\/wp-json\/wp\/v2\/media\/162790"}],"wp:attachment":[{"href":"https:\/\/corrientesdetarde.com\/index.php\/wp-json\/wp\/v2\/media?parent=162789"}],"wp:term":[{"taxonomy":"category","embeddable":true,"href":"https:\/\/corrientesdetarde.com\/index.php\/wp-json\/wp\/v2\/categories?post=162789"},{"taxonomy":"post_tag","embeddable":true,"href":"https:\/\/corrientesdetarde.com\/index.php\/wp-json\/wp\/v2\/tags?post=162789"}],"curies":[{"name":"wp","href":"https:\/\/api.w.org\/{rel}","templated":true}]}}