{"id":162795,"date":"2024-08-30T10:33:37","date_gmt":"2024-08-30T13:33:37","guid":{"rendered":"https:\/\/corrientesdetarde.com\/?p=162795"},"modified":"2024-08-30T10:33:42","modified_gmt":"2024-08-30T13:33:42","slug":"la-argentina-antonella-ruiz-diaz-gano-la-medalla-de-bronce-en-lanzamiento-de-bala","status":"publish","type":"post","link":"https:\/\/corrientesdetarde.com\/index.php\/deportes\/la-argentina-antonella-ruiz-diaz-gano-la-medalla-de-bronce-en-lanzamiento-de-bala\/","title":{"rendered":"La argentina Antonella Ruiz D\u00edaz gan\u00f3 la medalla de bronce en lanzamiento de bala"},"content":{"rendered":"\n<p>Antonella Ruiz D\u00edaz logr\u00f3 la primera medalla para Argentina en los Juegos Paral\u00edmpicos de Par\u00eds 2024<strong>. La atleta gan\u00f3 la presea de bronce en lanzamiento de bala (F41) gracias a una marca de 9.58.<\/strong><\/p>\n\n\n\n<p>La argentina de 27 a\u00f1os fue progresando en sus lanzamientos, el orden de los primeros tres fueron: 9.33, 9.35 y 9.45. En el cuarto se complic\u00f3 al bajar su marca a 8.87. Sin embargo, la nacida en Gualeguaych\u00fa logr\u00f3 su mejor rendimiento en la competencia con un 9.58 que le permiti\u00f3 subir al podio y mejorar su desempe\u00f1o en Tokio 2020, donde tambi\u00e9n termin\u00f3 tercera, con un 9.50.<\/p>\n\n\n\n<figure class=\"wp-block-embed is-type-rich is-provider-twitter wp-block-embed-twitter\"><div class=\"wp-block-embed__wrapper\">\n<blockquote class=\"twitter-tweet\" data-width=\"550\" data-dnt=\"true\"><p lang=\"es\" dir=\"ltr\">SOS GIGANTE ANTONELLA \ud83d\udc4f\ud83c\udde6\ud83c\uddf7<br><br>De esta manera, Antonella Ruiz D\u00edaz recibi\u00f3 su presea de bronce por quedar tercera en lanzamiento de bala en los Juegos Paral\u00edmpicos Par\u00eds 2024. <a href=\"https:\/\/t.co\/CRrZXf2zs6\">pic.twitter.com\/CRrZXf2zs6<\/a><\/p>&mdash; ParaDeportes (@ParaDeportesOK) <a href=\"https:\/\/twitter.com\/ParaDeportesOK\/status\/1829486143857197388?ref_src=twsrc%5Etfw\">August 30, 2024<\/a><\/blockquote><script async src=\"https:\/\/platform.twitter.com\/widgets.js\" charset=\"utf-8\"><\/script>\n<\/div><\/figure>\n\n\n\n<p>La tunecina Raoua Tlili consigui\u00f3 un 10.40 y se qued\u00f3 con el oro. El segundo lugar fue para Kubaro Khakimova de Uzbekist\u00e1n que obtuvo un 10.6.<\/p>\n\n\n\n<p><strong>&#8220;Fueron tres a\u00f1os de mucho laburo y se define en 6 lanzamientos. Ganar una medalla no es f\u00e1cil, y repetirla es m\u00e1s dif\u00edcil todav\u00eda. Felicidad.<\/strong>\u00a0Es una genia, entrena todos los d\u00edas, es muy profesional, llegamos muy bien y todo esto es de ella&#8221;, expres\u00f3 su entrenador Javier \u00c1lvarez en las redes sociales del sitio ParaDeportes. Ruiz D\u00edaz volver\u00e1 a competir el pr\u00f3ximo mi\u00e9rcoles, pero en lanzamiento de disco.<\/p>\n\n\n\n<p><strong>C\u00f3mo le fue a la delegaci\u00f3n argentina en los \u00faltimos Juegos Paral\u00edmpicos de Tokio 2020<\/strong><\/p>\n\n\n\n<p>En la \u00faltima edici\u00f3n, Argentina consigui\u00f3 nueve medallas: cinco de plata y cuatro de bronce. Hern\u00e1n Urra (lanzamiento de bala), Los Murci\u00e9lagos (f\u00fatbol), Fernando &#8220;Pipo&#8221; Carlomagno (nataci\u00f3n 100 metros pecho S7), Mat\u00edas de Andrade (nataci\u00f3n 100 metros pecho S6) y Brian Impellizzeri (salto en largo) se hab\u00edan quedado con el segundo puesto.<\/p>\n\n\n\n<p>El tercer lugar del podio lo hab\u00edan logrado Yanina Mart\u00ednez (200 metros), Antonella Ruiz D\u00edaz (lanzamiento de bala), Juan Samorano (taekwondo) y Alexis Ch\u00e1vez (100 metros, T36).<\/p>\n\n\n\n<p>La \u00faltima medalla dorada de Argentina la gan\u00f3 Yanina Mart\u00ednez en R\u00edo 2016, algo que no ocurr\u00eda desde Atlanta 1996.<\/p>\n\n\n\n<figure class=\"wp-block-image size-full\"><img loading=\"lazy\" decoding=\"async\" width=\"737\" height=\"744\" src=\"https:\/\/corrientesdetarde.com\/wp-content\/uploads\/2024\/08\/image-1045.png\" alt=\"\" class=\"wp-image-162808\" srcset=\"https:\/\/corrientesdetarde.com\/wp-content\/uploads\/2024\/08\/image-1045.png 737w, https:\/\/corrientesdetarde.com\/wp-content\/uploads\/2024\/08\/image-1045-297x300.png 297w, https:\/\/corrientesdetarde.com\/wp-content\/uploads\/2024\/08\/image-1045-150x150.png 150w\" sizes=\"auto, (max-width: 737px) 100vw, 737px\" \/><\/figure>\n","protected":false},"excerpt":{"rendered":"<p>Antonella Ruiz D\u00edaz logr\u00f3 la primera medalla para Argentina en los Juegos Paral\u00edmpicos de Par\u00eds 2024. La atleta gan\u00f3 la presea de bronce en lanzamiento de bala (F41) gracias a&hellip; <\/p>\n","protected":false},"author":1,"featured_media":162807,"comment_status":"closed","ping_status":"open","sticky":false,"template":"","format":"standard","meta":{"footnotes":""},"categories":[4],"tags":[],"class_list":["post-162795","post","type-post","status-publish","format-standard","has-post-thumbnail","hentry","category-deportes"],"_links":{"self":[{"href":"https:\/\/corrientesdetarde.com\/index.php\/wp-json\/wp\/v2\/posts\/162795","targetHints":{"allow":["GET"]}}],"collection":[{"href":"https:\/\/corrientesdetarde.com\/index.php\/wp-json\/wp\/v2\/posts"}],"about":[{"href":"https:\/\/corrientesdetarde.com\/index.php\/wp-json\/wp\/v2\/types\/post"}],"author":[{"embeddable":true,"href":"https:\/\/corrientesdetarde.com\/index.php\/wp-json\/wp\/v2\/users\/1"}],"replies":[{"embeddable":true,"href":"https:\/\/corrientesdetarde.com\/index.php\/wp-json\/wp\/v2\/comments?post=162795"}],"version-history":[{"count":1,"href":"https:\/\/corrientesdetarde.com\/index.php\/wp-json\/wp\/v2\/posts\/162795\/revisions"}],"predecessor-version":[{"id":162809,"href":"https:\/\/corrientesdetarde.com\/index.php\/wp-json\/wp\/v2\/posts\/162795\/revisions\/162809"}],"wp:featuredmedia":[{"embeddable":true,"href":"https:\/\/corrientesdetarde.com\/index.php\/wp-json\/wp\/v2\/media\/162807"}],"wp:attachment":[{"href":"https:\/\/corrientesdetarde.com\/index.php\/wp-json\/wp\/v2\/media?parent=162795"}],"wp:term":[{"taxonomy":"category","embeddable":true,"href":"https:\/\/corrientesdetarde.com\/index.php\/wp-json\/wp\/v2\/categories?post=162795"},{"taxonomy":"post_tag","embeddable":true,"href":"https:\/\/corrientesdetarde.com\/index.php\/wp-json\/wp\/v2\/tags?post=162795"}],"curies":[{"name":"wp","href":"https:\/\/api.w.org\/{rel}","templated":true}]}}