{"id":162810,"date":"2024-08-30T14:10:22","date_gmt":"2024-08-30T17:10:22","guid":{"rendered":"https:\/\/corrientesdetarde.com\/?p=162810"},"modified":"2024-08-30T14:10:33","modified_gmt":"2024-08-30T17:10:33","slug":"gaillard-fue-un-exabrupto-desafortunado-y-pedi-disculpas-en-la-misma-reunion","status":"publish","type":"post","link":"https:\/\/corrientesdetarde.com\/index.php\/politica\/gaillard-fue-un-exabrupto-desafortunado-y-pedi-disculpas-en-la-misma-reunion\/","title":{"rendered":"GAILLARD: \u201cFUE UN EXABRUPTO DESAFORTUNADO Y PED\u00cd DISCULPAS EN LA MISMA REUNI\u00d3N\u201d"},"content":{"rendered":"\n<p>La Diputada Nacional por Entre R\u00edos, Carolina Gaillard, se refiri\u00f3 a la pol\u00e9mica generada en la reuni\u00f3n de la Comisi\u00f3n de Libertad de Expresi\u00f3n de la C\u00e1mara de Diputados de la Naci\u00f3n.<\/p>\n\n\n\n<p>En una entrevista radial, Gaillard explic\u00f3 que en la Comisi\u00f3n de Libertad de Expresi\u00f3n de la HCDN, se hab\u00eda acordado un plan de trabajo que inclu\u00eda la invitaci\u00f3n a diversos periodistas que fueron agredidos por el gobierno: \u201cAcordamos entre la mayor\u00eda de los diputados que vengan los periodistas que son agredidos, insultados, amenazados y denunciados por Milei y su gobierno, pero la presidencia, que ocupa La Libertad Avanza, lo bloquea constantemente\u201d.<\/p>\n\n\n\n<p>\u201cEstas agresiones constantes a cualquier periodista que se oponga al gobierno lesionan gravemente la libertad de expresi\u00f3n y por ende al sistema democr\u00e1tico\u201d, continu\u00f3 la diputada.<\/p>\n\n\n\n<p>\u201cEn ese contexto, en el que yo exig\u00eda que los citaran, me interrumpen constantemente, me dicen cosas que no salen en los videos que circulan, y entonces tengo ese exabrupto desafortunado. Ped\u00ed disculpas por eso en la misma sesi\u00f3n\u201d aclar\u00f3 Gaillard.<\/p>\n\n\n\n<p>Luego, agreg\u00f3: \u201cPero eso es correr el eje de la discusi\u00f3n: ac\u00e1 estamos discutiendo si en Argentina tenemos o no libertad de expresi\u00f3n y libertad de prensa. Y los periodistas que estamos citando para que den su testimonio son de todas las ideolog\u00edas. Ten\u00edamos pensado que vinieran a la Comisi\u00f3n Joaqu\u00edn Morales Sol\u00e1, Ernesto Tenembaum, Mar\u00eda O\u2019Donnell, Romina Manguel, Jorge Fontevecchia, Jorge Fern\u00e1ndez D\u00edaz, V\u00edctor Hugo Morales, Silvia Mercado, Mart\u00edn Rodr\u00edguez Yebra, Luisa Corradini, Mar\u00eda Laura Santill\u00e1n, Marcelo Bonelli, Pablo Duggan, Dar\u00edo Villarruel y Nancy Pazos. Tambi\u00e9n Laura Serra, que fue censurada en Diputados TV. Y tambi\u00e9n quer\u00edamos tratar proyectos de repudio a los ataques del Gobierno de Milei contra Mar\u00eda O\u2019Donnell y Dar\u00edo Villarruel. Todo eso fue bloqueado por la presidenta de la Comisi\u00f3n\u201d, concluy\u00f3 Gaillard.<\/p>\n","protected":false},"excerpt":{"rendered":"<p>La Diputada Nacional por Entre R\u00edos, Carolina Gaillard, se refiri\u00f3 a la pol\u00e9mica generada en la reuni\u00f3n de la Comisi\u00f3n de Libertad de Expresi\u00f3n de la C\u00e1mara de Diputados de&hellip; <\/p>\n","protected":false},"author":11,"featured_media":162816,"comment_status":"closed","ping_status":"open","sticky":false,"template":"","format":"standard","meta":{"footnotes":""},"categories":[3],"tags":[2201],"class_list":["post-162810","post","type-post","status-publish","format-standard","has-post-thumbnail","hentry","category-politica","tag-gaillard"],"_links":{"self":[{"href":"https:\/\/corrientesdetarde.com\/index.php\/wp-json\/wp\/v2\/posts\/162810","targetHints":{"allow":["GET"]}}],"collection":[{"href":"https:\/\/corrientesdetarde.com\/index.php\/wp-json\/wp\/v2\/posts"}],"about":[{"href":"https:\/\/corrientesdetarde.com\/index.php\/wp-json\/wp\/v2\/types\/post"}],"author":[{"embeddable":true,"href":"https:\/\/corrientesdetarde.com\/index.php\/wp-json\/wp\/v2\/users\/11"}],"replies":[{"embeddable":true,"href":"https:\/\/corrientesdetarde.com\/index.php\/wp-json\/wp\/v2\/comments?post=162810"}],"version-history":[{"count":2,"href":"https:\/\/corrientesdetarde.com\/index.php\/wp-json\/wp\/v2\/posts\/162810\/revisions"}],"predecessor-version":[{"id":162818,"href":"https:\/\/corrientesdetarde.com\/index.php\/wp-json\/wp\/v2\/posts\/162810\/revisions\/162818"}],"wp:featuredmedia":[{"embeddable":true,"href":"https:\/\/corrientesdetarde.com\/index.php\/wp-json\/wp\/v2\/media\/162816"}],"wp:attachment":[{"href":"https:\/\/corrientesdetarde.com\/index.php\/wp-json\/wp\/v2\/media?parent=162810"}],"wp:term":[{"taxonomy":"category","embeddable":true,"href":"https:\/\/corrientesdetarde.com\/index.php\/wp-json\/wp\/v2\/categories?post=162810"},{"taxonomy":"post_tag","embeddable":true,"href":"https:\/\/corrientesdetarde.com\/index.php\/wp-json\/wp\/v2\/tags?post=162810"}],"curies":[{"name":"wp","href":"https:\/\/api.w.org\/{rel}","templated":true}]}}