{"id":162811,"date":"2024-08-30T14:15:54","date_gmt":"2024-08-30T17:15:54","guid":{"rendered":"https:\/\/corrientesdetarde.com\/?p=162811"},"modified":"2024-08-30T14:15:55","modified_gmt":"2024-08-30T17:15:55","slug":"inicia-el-juicio-al-subcomisario-acusado-de-abusar-de-su-hijastra","status":"publish","type":"post","link":"https:\/\/corrientesdetarde.com\/index.php\/locales\/inicia-el-juicio-al-subcomisario-acusado-de-abusar-de-su-hijastra\/","title":{"rendered":"Inicia el juicio al subcomisar\u00edo acusado de abusar de su hijastra\u00a0"},"content":{"rendered":"\n<p>Se lo acusa de Abuso Sexual Simple Agravado por la situaci\u00f3n de convivencia preexistente con una menor; su hijastra. Esta detenido preventivamente hace m\u00e1s de un a\u00f1o. En la primera jornada se escuchar\u00e1n los alegatos de apertura y est\u00e1n citados 6 testigos.<a href=\"https:\/\/api.whatsapp.com\/send?text=Inicia%20el%20juicio%20al%20subcomisar%C3%ADo%20acusado%20de%20abusar%20de%20su%20hijastra%C2%A0%20-%20https:\/\/www.diarioepoca.com\/1330879-inicia-el-juicio-al-subcomisario-acusado-de-abusar-de-su-hijastra%C2%A0?utm_source=WhatsApp%26utm_medium=WhatsApp%26utm_campaign=WhatsApp%26utm_term=WhatsApp\" target=\"_blank\" rel=\"noreferrer noopener\"><\/a><a href=\"https:\/\/www.diarioepoca.com\/1330879-inicia-el-juicio-al-subcomisario-acusado-de-abusar-de-su-hijastra%C2%A0#\"><\/a><a href=\"https:\/\/www.diarioepoca.com\/1330879-inicia-el-juicio-al-subcomisario-acusado-de-abusar-de-su-hijastra%C2%A0#\"><\/a><\/p>\n\n\n\n<p>El martes 3 de septiembre a las 8.30 horas comienza en el Tribunal de Juicio N\u00ba 1 el debate contra el ex subcomisario Jos\u00e9 Guillermo Oliva por los delitos de &#8220;Abuso Sexual Simple Agravado por la situaci\u00f3n de convivencia preexistente con la menor&#8221; en car\u00e1cter de delito continuado. La v\u00edctima ser\u00eda su hijastra.<\/p>\n\n\n\n<p>Oliva, est\u00e1 detenido preventivamente en la Unidad Penal N\u00b0 6 &#8220;General San Martin&#8221; ubicada en San Cayetano desde mayo de 2023.<\/p>\n\n\n\n<p>El tribunal que lo juzga est\u00e1 formado por la doctora Ana del Carmen Figueredo como presidente y los doctores Mar\u00eda Eugenia Ballar\u00e1 y Juan Jos\u00e9 Cochia como vocales.<\/p>\n\n\n\n<p>Para el martes 3 de septiembre est\u00e1 prevista la apertura del debate y los alegatos. Est\u00e1n citados adem\u00e1s 6 testigos de la fiscal\u00eda. El juicio continuar\u00e1 el jueves 5 de septiembre con otros 4 testigos, tambi\u00e9n de la fiscal\u00eda.<\/p>\n\n\n\n<p><strong>LAS PARTES<\/strong><\/p>\n\n\n\n<p>El imputado ser\u00e1 representado por la defensa Oficial ejercida por el doctor Jos\u00e9 Nicol\u00e1s Baez. La Fiscal es la doctora Sonia Miriam Meza y la Asesora de Menores es la doctora Ana In\u00e9s Alvira.<\/p>\n\n\n\n<p>La querella la asumi\u00f3 el doctor Conrado Rudy P\u00e9rez, querellante gratuito del Ministerio de Justicia y Derechos Humanos de la Provincia de Corrientes.<\/p>\n","protected":false},"excerpt":{"rendered":"<p>Se lo acusa de Abuso Sexual Simple Agravado por la situaci\u00f3n de convivencia preexistente con una menor; su hijastra. Esta detenido preventivamente hace m\u00e1s de un a\u00f1o. En la primera&hellip; <\/p>\n","protected":false},"author":12,"featured_media":162826,"comment_status":"closed","ping_status":"open","sticky":false,"template":"","format":"standard","meta":{"footnotes":""},"categories":[8,33],"tags":[],"class_list":["post-162811","post","type-post","status-publish","format-standard","has-post-thumbnail","hentry","category-locales","category-policiales"],"_links":{"self":[{"href":"https:\/\/corrientesdetarde.com\/index.php\/wp-json\/wp\/v2\/posts\/162811","targetHints":{"allow":["GET"]}}],"collection":[{"href":"https:\/\/corrientesdetarde.com\/index.php\/wp-json\/wp\/v2\/posts"}],"about":[{"href":"https:\/\/corrientesdetarde.com\/index.php\/wp-json\/wp\/v2\/types\/post"}],"author":[{"embeddable":true,"href":"https:\/\/corrientesdetarde.com\/index.php\/wp-json\/wp\/v2\/users\/12"}],"replies":[{"embeddable":true,"href":"https:\/\/corrientesdetarde.com\/index.php\/wp-json\/wp\/v2\/comments?post=162811"}],"version-history":[{"count":1,"href":"https:\/\/corrientesdetarde.com\/index.php\/wp-json\/wp\/v2\/posts\/162811\/revisions"}],"predecessor-version":[{"id":162827,"href":"https:\/\/corrientesdetarde.com\/index.php\/wp-json\/wp\/v2\/posts\/162811\/revisions\/162827"}],"wp:featuredmedia":[{"embeddable":true,"href":"https:\/\/corrientesdetarde.com\/index.php\/wp-json\/wp\/v2\/media\/162826"}],"wp:attachment":[{"href":"https:\/\/corrientesdetarde.com\/index.php\/wp-json\/wp\/v2\/media?parent=162811"}],"wp:term":[{"taxonomy":"category","embeddable":true,"href":"https:\/\/corrientesdetarde.com\/index.php\/wp-json\/wp\/v2\/categories?post=162811"},{"taxonomy":"post_tag","embeddable":true,"href":"https:\/\/corrientesdetarde.com\/index.php\/wp-json\/wp\/v2\/tags?post=162811"}],"curies":[{"name":"wp","href":"https:\/\/api.w.org\/{rel}","templated":true}]}}