{"id":162813,"date":"2024-08-30T14:14:12","date_gmt":"2024-08-30T17:14:12","guid":{"rendered":"https:\/\/corrientesdetarde.com\/?p=162813"},"modified":"2024-08-30T14:14:14","modified_gmt":"2024-08-30T17:14:14","slug":"caso-loan-monsenor-stanovnik-animo-a-mantener-viva-la-busqueda-de-la-verdad","status":"publish","type":"post","link":"https:\/\/corrientesdetarde.com\/index.php\/sociales\/caso-loan-monsenor-stanovnik-animo-a-mantener-viva-la-busqueda-de-la-verdad\/","title":{"rendered":"Caso Loan: monse\u00f1or Stanovnik anim\u00f3 a &#8220;mantener viva la b\u00fasqueda de la verdad&#8221;"},"content":{"rendered":"\n<p>El arzobispo de Corrientes celebr\u00f3 una misa y renov\u00f3 el pedido de aparici\u00f3n inmediata del ni\u00f1o desaparecido hace m\u00e1s de dos meses en esa provincia. &#8220;Confiamos serenos, perseverantes y firmes&#8221;, dijo.<a href=\"https:\/\/api.whatsapp.com\/send?text=Caso%20Loan:%20monse%C3%B1or%20Stanovnik%20anim%C3%B3%20a%20%22mantener%20viva%20la%20b%C3%BAsqueda%20de%20la%20verdad%22%20-%20https:\/\/www.diarioepoca.com\/1330877-caso-loan-monsenor-stanovnik-animo-a-mantener-viva-la-busqueda-de-la-verdad?utm_source=WhatsApp%26utm_medium=WhatsApp%26utm_campaign=WhatsApp%26utm_term=WhatsApp\" target=\"_blank\" rel=\"noreferrer noopener\"><\/a><a href=\"https:\/\/www.diarioepoca.com\/1330877-caso-loan-monsenor-stanovnik-animo-a-mantener-viva-la-busqueda-de-la-verdad#\"><\/a><a href=\"https:\/\/www.diarioepoca.com\/1330877-caso-loan-monsenor-stanovnik-animo-a-mantener-viva-la-busqueda-de-la-verdad#\"><\/a><\/p>\n\n\n\n<p>El arzobispo de Corrientes, monse\u00f1or Andr\u00e9s Stanovnik OFM Cap, presidi\u00f3 una celebraci\u00f3n eucar\u00edstica el jueves 29 de agosto, en el santuario de La Merced, para pedir una vez m\u00e1s por la aparici\u00f3n inmediata de Loan Pe\u00f1a, a m\u00e1s de dos meses de su misteriosa desaparici\u00f3n en esa provincia.&nbsp;<\/p>\n\n\n\n<p>En la homil\u00eda, el prelado se\u00f1al\u00f3: &#8220;Estamos aqu\u00ed para presentarle a Dios nuestro profundo dolor y aflicci\u00f3n, porque a\u00fan no tenemos noticias de la vida del peque\u00f1o Loan. Seguimos acompa\u00f1ando con nuestra cercan\u00eda y oraci\u00f3n a sus padres. Lo hacemos confiados en la poderosa intercesi\u00f3n de nuestra Se\u00f1ora de la Merced, mientras le suplicamos que cuide su vida, lo proteja de todos los peligros, para que, por fin, regrese a su hogar, que debe ser el lugar natural para su cobijo y protecci\u00f3n&#8221;.<\/p>\n\n\n\n<p>&#8220;La verdad, contemplada desde los ojos y el coraz\u00f3n de Dios, est\u00e1 unida al martirio. As\u00ed lo acabamos de escuchar en las lecturas que proclamamos. En la primera, es muy consoladora la promesa que Dios le hace al profeta Jerem\u00edas: &#8220;Yo estoy contigo para librarte&#8221;. \u00a1Que alivio enorme sentimos hoy al escuchar esa promesa de Dios! Luego, en el Evangelio nos estremece el relato del martirio de san Juan Bautista. Fiel a la verdad y confiado en Dios, es v\u00edctima inocente de oscuras intrigas. \u00a1Qu\u00e9 luminosa es una vida que se da por amor! Y, por el contrario, \u00a1qu\u00e9 triste es la vida de aquel que se la arrebata a los dem\u00e1s!&#8221;, continu\u00f3.<\/p>\n\n\n\n<p>El prelado invit\u00f3 a los presentes a &#8220;mirar a Jes\u00fas en la Vruz&#8221;. &#8220;Sobre \u00c9l, inocente, se descarg\u00f3 toda la maldad del mundo, horror que contin\u00faa su tenebroso prop\u00f3sito en muchos inocentes. No apartemos nuestra mirada del crucificado: su reacci\u00f3n, ante tanta perversidad, fue poner en evidencia la insensatez y barbaridad de sus verdugos y, al mismo tiempo, pedirle a Dios, su Padre, el perd\u00f3n. Perd\u00f3n que no exculpa en absoluto la atrocidad y clama al cielo por la reparaci\u00f3n del da\u00f1o perpetrado, porque solo el amor verdadero y el perd\u00f3n sin l\u00edmites nos redimen y restauran&#8221;, enfatiz\u00f3.<\/p>\n\n\n\n<p>Mons. Stanovncik manifest\u00f3, adem\u00e1s, que la Virgen de la Merced, madre de su Hijo crucificado, &#8220;nos deja un profundo mensaje mediante su hist\u00f3rica advocaci\u00f3n como &#8220;redentora de cautivos&#8221;&#8221;. &#8220;Ella inspir\u00f3 a cristianos generosos y valientes a ofrecerse como intercambio con los que hab\u00edan ca\u00eddo en cautiverio, valerosos y convencidos de que la justicia, la verdad y el amor son m\u00e1s fuertes que las oscuras fuerzas del mal, aun cuando \u00e9stas, actuando en las sombras, pretendan exhibirse exitosas. Confiamos serenos, perseverantes y firmes en mantener viva la b\u00fasqueda de la verdad, de toda la verdad que nos deben, y que aun incomprensiblemente contin\u00faa encubierta&#8221;, exclam\u00f3.<\/p>\n\n\n\n<p>Finalmente, el arzobispo se dirigi\u00f3 a Nuestra Se\u00f1ora de la Merced: &#8220;Nos confiamos en tus brazos, no nos abandones en este doloroso camino hacia la luz y la verdad, que con certeza nos vas a conceder por la gracia de tu Hijo Jes\u00fas&#8221;.<\/p>\n","protected":false},"excerpt":{"rendered":"<p>El arzobispo de Corrientes celebr\u00f3 una misa y renov\u00f3 el pedido de aparici\u00f3n inmediata del ni\u00f1o desaparecido hace m\u00e1s de dos meses en esa provincia. &#8220;Confiamos serenos, perseverantes y firmes&#8221;,&hellip; <\/p>\n","protected":false},"author":12,"featured_media":162822,"comment_status":"closed","ping_status":"open","sticky":false,"template":"","format":"standard","meta":{"footnotes":""},"categories":[23,17],"tags":[],"class_list":["post-162813","post","type-post","status-publish","format-standard","has-post-thumbnail","hentry","category-actualidad","category-sociales"],"_links":{"self":[{"href":"https:\/\/corrientesdetarde.com\/index.php\/wp-json\/wp\/v2\/posts\/162813","targetHints":{"allow":["GET"]}}],"collection":[{"href":"https:\/\/corrientesdetarde.com\/index.php\/wp-json\/wp\/v2\/posts"}],"about":[{"href":"https:\/\/corrientesdetarde.com\/index.php\/wp-json\/wp\/v2\/types\/post"}],"author":[{"embeddable":true,"href":"https:\/\/corrientesdetarde.com\/index.php\/wp-json\/wp\/v2\/users\/12"}],"replies":[{"embeddable":true,"href":"https:\/\/corrientesdetarde.com\/index.php\/wp-json\/wp\/v2\/comments?post=162813"}],"version-history":[{"count":1,"href":"https:\/\/corrientesdetarde.com\/index.php\/wp-json\/wp\/v2\/posts\/162813\/revisions"}],"predecessor-version":[{"id":162823,"href":"https:\/\/corrientesdetarde.com\/index.php\/wp-json\/wp\/v2\/posts\/162813\/revisions\/162823"}],"wp:featuredmedia":[{"embeddable":true,"href":"https:\/\/corrientesdetarde.com\/index.php\/wp-json\/wp\/v2\/media\/162822"}],"wp:attachment":[{"href":"https:\/\/corrientesdetarde.com\/index.php\/wp-json\/wp\/v2\/media?parent=162813"}],"wp:term":[{"taxonomy":"category","embeddable":true,"href":"https:\/\/corrientesdetarde.com\/index.php\/wp-json\/wp\/v2\/categories?post=162813"},{"taxonomy":"post_tag","embeddable":true,"href":"https:\/\/corrientesdetarde.com\/index.php\/wp-json\/wp\/v2\/tags?post=162813"}],"curies":[{"name":"wp","href":"https:\/\/api.w.org\/{rel}","templated":true}]}}