{"id":162814,"date":"2024-08-30T14:12:06","date_gmt":"2024-08-30T17:12:06","guid":{"rendered":"https:\/\/corrientesdetarde.com\/?p=162814"},"modified":"2024-08-30T14:12:09","modified_gmt":"2024-08-30T17:12:09","slug":"bestial-ataque-de-una-adolescente-a-otra-en-un-barrio-de-corrientes","status":"publish","type":"post","link":"https:\/\/corrientesdetarde.com\/index.php\/destacados\/bestial-ataque-de-una-adolescente-a-otra-en-un-barrio-de-corrientes\/","title":{"rendered":"Bestial ataque de una adolescente a otra en un barrio de Corrientes"},"content":{"rendered":"\n<p>Una adolescente de 14 a\u00f1os fue atacada por otra de 17 en un tremendo caso de violencia ocurrido a la salida del colegio Favaloro, en el barrio Dr Monta\u00f1a. El hecho ocurri\u00f3 el jueves en una parada de colectivos por una joven de 17 a\u00f1os, a quien acompa\u00f1aban otras chicas. La madre de la menor hizo la denuncia en la Comisar\u00eda 14.<a href=\"https:\/\/api.whatsapp.com\/send?text=Bestial%20ataque%20de%20una%20adolescente%20a%20otra%20en%20un%20barrio%20de%20Corrientes%20-%20https:\/\/www.diarioepoca.com\/1330867-bestial-ataque-de-una-adolescente-a-otra-en-un-barrio-de-corrientes?utm_source=WhatsApp%26utm_medium=WhatsApp%26utm_campaign=WhatsApp%26utm_term=WhatsApp\" target=\"_blank\" rel=\"noreferrer noopener\"><\/a><a href=\"https:\/\/www.diarioepoca.com\/1330867-bestial-ataque-de-una-adolescente-a-otra-en-un-barrio-de-corrientes#\"><\/a><a href=\"https:\/\/www.diarioepoca.com\/1330867-bestial-ataque-de-una-adolescente-a-otra-en-un-barrio-de-corrientes#\"><\/a><\/p>\n\n\n\n<p>Un hecho de violencia inusitada entre dos j\u00f3venes adolescentes ocurri\u00f3 el jueves pasado en inmediaciones a la parada de colectivos ubicada en avenida Favaloro y calle Giusti, en el barrio Dr Monta\u00f1a.<\/p>\n\n\n\n<p>Seg\u00fan consta la denuncia policial realizada en Comisar\u00eda 14 por la madre de una menor de 14 a\u00f1os, su hija fue atacada por otra chica de 17 que se domicilia en el asentamiento del barrio Pirayu\u00ed.<\/p>\n\n\n\n<p>El bestial episodio fue grabado por quienes presenciaron la trifulca.<\/p>\n\n\n\n<p>La menor de las chicas termin\u00f3 con lesiones en su rostro, en sus piernas y con la fractura de uno de los dedos de la mano.<\/p>\n\n\n\n<p>La mujer que realiz\u00f3 la denuncia cont\u00f3 que la agresora cont\u00f3 con el apoyo de otras chicas&nbsp;<\/p>\n\n\n\n<p>Todo ocurri\u00f3 mientras automovilistas y transe\u00fantes pasaban por la avenida sin intervenir, hasta que uno de ellos pudo separarlas.<\/p>\n","protected":false},"excerpt":{"rendered":"<p>Una adolescente de 14 a\u00f1os fue atacada por otra de 17 en un tremendo caso de violencia ocurrido a la salida del colegio Favaloro, en el barrio Dr Monta\u00f1a. El&hellip; <\/p>\n","protected":false},"author":12,"featured_media":141853,"comment_status":"closed","ping_status":"open","sticky":false,"template":"","format":"standard","meta":{"footnotes":""},"categories":[26,33],"tags":[],"class_list":["post-162814","post","type-post","status-publish","format-standard","has-post-thumbnail","hentry","category-destacados","category-policiales"],"_links":{"self":[{"href":"https:\/\/corrientesdetarde.com\/index.php\/wp-json\/wp\/v2\/posts\/162814","targetHints":{"allow":["GET"]}}],"collection":[{"href":"https:\/\/corrientesdetarde.com\/index.php\/wp-json\/wp\/v2\/posts"}],"about":[{"href":"https:\/\/corrientesdetarde.com\/index.php\/wp-json\/wp\/v2\/types\/post"}],"author":[{"embeddable":true,"href":"https:\/\/corrientesdetarde.com\/index.php\/wp-json\/wp\/v2\/users\/12"}],"replies":[{"embeddable":true,"href":"https:\/\/corrientesdetarde.com\/index.php\/wp-json\/wp\/v2\/comments?post=162814"}],"version-history":[{"count":1,"href":"https:\/\/corrientesdetarde.com\/index.php\/wp-json\/wp\/v2\/posts\/162814\/revisions"}],"predecessor-version":[{"id":162819,"href":"https:\/\/corrientesdetarde.com\/index.php\/wp-json\/wp\/v2\/posts\/162814\/revisions\/162819"}],"wp:featuredmedia":[{"embeddable":true,"href":"https:\/\/corrientesdetarde.com\/index.php\/wp-json\/wp\/v2\/media\/141853"}],"wp:attachment":[{"href":"https:\/\/corrientesdetarde.com\/index.php\/wp-json\/wp\/v2\/media?parent=162814"}],"wp:term":[{"taxonomy":"category","embeddable":true,"href":"https:\/\/corrientesdetarde.com\/index.php\/wp-json\/wp\/v2\/categories?post=162814"},{"taxonomy":"post_tag","embeddable":true,"href":"https:\/\/corrientesdetarde.com\/index.php\/wp-json\/wp\/v2\/tags?post=162814"}],"curies":[{"name":"wp","href":"https:\/\/api.w.org\/{rel}","templated":true}]}}