{"id":162815,"date":"2024-08-30T14:13:13","date_gmt":"2024-08-30T17:13:13","guid":{"rendered":"https:\/\/corrientesdetarde.com\/?p=162815"},"modified":"2024-08-30T14:13:24","modified_gmt":"2024-08-30T17:13:24","slug":"corrientes-lejos-del-alerta-amarilla-por-la-tormenta-de-santa-rosa","status":"publish","type":"post","link":"https:\/\/corrientesdetarde.com\/index.php\/actualidad\/corrientes-lejos-del-alerta-amarilla-por-la-tormenta-de-santa-rosa\/","title":{"rendered":"Corrientes lejos del alerta amarilla por la tormenta de Santa Rosa"},"content":{"rendered":"\n<p>Se trata de un fen\u00f3meno clim\u00e1tico que puede incluir lluvias intensas, vientos fuertes y tormentas el\u00e9ctricas.<a href=\"https:\/\/api.whatsapp.com\/send?text=Corrientes%20lejos%20del%20alerta%20amarilla%20por%20la%20tormenta%20de%20Santa%20Rosa%20-%20https:\/\/www.diarioepoca.com\/1330882-corrientes-lejos-del-alerta-amarilla-por-la-tormenta-de-santa-rosa?utm_source=WhatsApp%26utm_medium=WhatsApp%26utm_campaign=WhatsApp%26utm_term=WhatsApp\" target=\"_blank\" rel=\"noreferrer noopener\"><\/a><a href=\"https:\/\/www.diarioepoca.com\/1330882-corrientes-lejos-del-alerta-amarilla-por-la-tormenta-de-santa-rosa#\"><\/a><a href=\"https:\/\/www.diarioepoca.com\/1330882-corrientes-lejos-del-alerta-amarilla-por-la-tormenta-de-santa-rosa#\"><\/a><\/p>\n\n\n\n<p>Este viernes 30 de agosto se espera la llegada de la &#8220;Tormenta de Santa Rosa&#8221;, y el Servicio Meteorol\u00f3gico Nacional (SMN) emiti\u00f3 una alerta amarilla por vientos fuertes, lluvias intensas, nevadas y posibilidad de tormentas el\u00e9ctricas en distintas partes del pa\u00eds.<\/p>\n\n\n\n<p>&nbsp;El evento clim\u00e1tico impactar\u00e1 en el norte de la provincia de Buenos Aires, sur de Santa Fe, sudoeste de Entre R\u00edos, este de C\u00f3rdoba, centro norte de Mendoza, San Juan, noroeste de Tucum\u00e1n y la regi\u00f3n cordillerana de Catamarca, Salta y Jujuy.<\/p>\n\n\n\n<p><em>En Corrientes habr\u00e1 cielo nuboso con temperaturas que hoy viernes llegar\u00e1 a los 28 grados, en tanto ma\u00f1ana 31 de agosto una minima de 9 y maxima de 18. El domingo 1 de septiembre las temperaturas rondar\u00e1n con minimas de 8 llegando a su maxima de 20. No est\u00e1 anunciado lluvias hasta el domingo.&nbsp;<\/em><\/p>\n\n\n\n<p><strong>C\u00f3mo impactar\u00e1 la tormenta&nbsp; en cada provincia:<\/strong><\/p>\n\n\n\n<p>\u25cb&nbsp;<em>Buenos Aires, Entre R\u00edos, Santa Fe y C\u00f3rdoba<\/em><br>El \u00e1rea ser\u00e1 afectada por lluvias persistentes de variada intensidad, algunas localmente fuertes. Se estiman valores de precipitaci\u00f3n acumulada entre 40 y 70 mm, los cuales pueden ser superados en forma puntual. El fen\u00f3meno podr\u00eda estar acompa\u00f1ado por tormentas el\u00e9ctricas.<\/p>\n\n\n\n<p>El<em>&nbsp;AMBA<\/em>, adem\u00e1s, ser\u00e1 afectada por vientos del sector este con velocidades entre 40 y 55 km\/h y r\u00e1fagas que pueden alcanzar los 75 km\/h.<\/p>\n\n\n\n<p>La alerta rige a partir de la tarde del viernes en Santa Fe y C\u00f3rdoba, mientras que Buenos Aires y Entre R\u00edos se espera a partir de la noche.<\/p>\n\n\n\n<p>\u25cb&nbsp;<em>Mendoza y San Juan<\/em><br>El \u00e1rea ser\u00e1 afectada por lluvias de variada intensidad, pudiendo ser algunas localmente fuertes. Se estiman valores de precipitaci\u00f3n acumulada entre 20 y 40 mm. En zona de la Capital de San Juan, en tanto, se estiman valores de precipitaci\u00f3n acumulada entre los 40 y 55 mm.<\/p>\n\n\n\n<p>A su vez, se esperan nevadas persistentes y de variada intensidad, por momentos algunas localmente fuertes. Se estiman valores de nieve acumulada entre 15 y 30 cent\u00edmetros. Los mayores valores se esperan en las zonas m\u00e1s elevadas.<\/p>\n\n\n\n<p>Ambas provincias ser\u00e1n afectadas durante la ma\u00f1ana del viernes.<\/p>\n\n\n\n<p>\u25cb&nbsp;<em>Salta, Jujuy, Tucum\u00e1n y Catamarca<\/em><br>El \u00e1rea ser\u00e1 afectada por vientos del sector oeste con velocidades entre 40 y 60 km\/h con r\u00e1fagas que pueden superar los 90 km\/h, con las mayores intensidades sobre la regi\u00f3n cordillerana.<\/p>\n\n\n\n<p>La alerta rige \u00fanicamente durante la tarde de este viernes.<\/p>\n\n\n\n<p><strong>Recomendaciones y advertencias<\/strong><\/p>\n\n\n\n<p>Aunque la tormenta de Santa Rosa no siempre se presenta con la misma intensidad, las condiciones previstas para este a\u00f1o sugieren que podr\u00eda tener un impacto notable en varias regiones del pa\u00eds. Es recomendable que los habitantes de las provincias mencionadas:<\/p>\n\n\n\n<p>*Tomen precauciones necesarias en caso de fuertes lluvias o tormentas.<br>*Los pr\u00f3ximos d\u00edas ser\u00e1n clave para confirmar el desarrollo de este fen\u00f3meno, y se espera que el Servicio Meteorol\u00f3gico Nacional contin\u00fae monitoreando la situaci\u00f3n y proporcionando actualizaciones regulares.<\/p>\n","protected":false},"excerpt":{"rendered":"<p>Se trata de un fen\u00f3meno clim\u00e1tico que puede incluir lluvias intensas, vientos fuertes y tormentas el\u00e9ctricas. Este viernes 30 de agosto se espera la llegada de la &#8220;Tormenta de Santa&hellip; <\/p>\n","protected":false},"author":12,"featured_media":162820,"comment_status":"closed","ping_status":"open","sticky":false,"template":"","format":"standard","meta":{"footnotes":""},"categories":[23,29],"tags":[],"class_list":["post-162815","post","type-post","status-publish","format-standard","has-post-thumbnail","hentry","category-actualidad","category-clima"],"_links":{"self":[{"href":"https:\/\/corrientesdetarde.com\/index.php\/wp-json\/wp\/v2\/posts\/162815","targetHints":{"allow":["GET"]}}],"collection":[{"href":"https:\/\/corrientesdetarde.com\/index.php\/wp-json\/wp\/v2\/posts"}],"about":[{"href":"https:\/\/corrientesdetarde.com\/index.php\/wp-json\/wp\/v2\/types\/post"}],"author":[{"embeddable":true,"href":"https:\/\/corrientesdetarde.com\/index.php\/wp-json\/wp\/v2\/users\/12"}],"replies":[{"embeddable":true,"href":"https:\/\/corrientesdetarde.com\/index.php\/wp-json\/wp\/v2\/comments?post=162815"}],"version-history":[{"count":1,"href":"https:\/\/corrientesdetarde.com\/index.php\/wp-json\/wp\/v2\/posts\/162815\/revisions"}],"predecessor-version":[{"id":162821,"href":"https:\/\/corrientesdetarde.com\/index.php\/wp-json\/wp\/v2\/posts\/162815\/revisions\/162821"}],"wp:featuredmedia":[{"embeddable":true,"href":"https:\/\/corrientesdetarde.com\/index.php\/wp-json\/wp\/v2\/media\/162820"}],"wp:attachment":[{"href":"https:\/\/corrientesdetarde.com\/index.php\/wp-json\/wp\/v2\/media?parent=162815"}],"wp:term":[{"taxonomy":"category","embeddable":true,"href":"https:\/\/corrientesdetarde.com\/index.php\/wp-json\/wp\/v2\/categories?post=162815"},{"taxonomy":"post_tag","embeddable":true,"href":"https:\/\/corrientesdetarde.com\/index.php\/wp-json\/wp\/v2\/tags?post=162815"}],"curies":[{"name":"wp","href":"https:\/\/api.w.org\/{rel}","templated":true}]}}