{"id":162828,"date":"2024-08-30T15:21:47","date_gmt":"2024-08-30T18:21:47","guid":{"rendered":"https:\/\/corrientesdetarde.com\/?p=162828"},"modified":"2024-08-30T15:21:51","modified_gmt":"2024-08-30T18:21:51","slug":"en-el-barrio-dr-montana-iniciaran-los-operativos-integrales-de-septiembre","status":"publish","type":"post","link":"https:\/\/corrientesdetarde.com\/index.php\/sociales\/en-el-barrio-dr-montana-iniciaran-los-operativos-integrales-de-septiembre\/","title":{"rendered":"En el barrio Dr. Monta\u00f1a iniciar\u00e1n los\u00a0operativos integrales de septiembre"},"content":{"rendered":"\n<p><em>Las prestaciones sanitarias y servicios, sumado a los programas Mascotas Saludables y Descacharrado comenzar\u00e1n el 4 de septiembre en Morat\u00edn y calle 518, y se prolongar\u00e1n durante todo el mes en otros siete barrios de la ciudad, los mi\u00e9rcoles y viernes, de 8 a 12.<\/em><\/p>\n\n\n\n<p>El programa La Muni en tu Barrio, que ofrece servicios y prestaciones gratuitas a los vecinos en distintas \u00e1reas de la ciudad cada mi\u00e9rcoles y viernes, de 8 a 12, comenzar\u00e1 su recorrido de septiembre el pr\u00f3ximo mi\u00e9rcoles 4 en la intersecci\u00f3n de la avenida Morat\u00edn y calle 518, en el barrio Dr. Monta\u00f1a, y proseguir\u00e1 durante el resto del mes en otros siete barrios capitalinos.<br>&nbsp;<br>Durante estas jornadas, diversas \u00e1reas de la Municipalidad, as\u00ed como organismos provinciales y nacionales, brindan m\u00faltiples servicios sanitarios, como ser control de peso y talla, atenci\u00f3n m\u00e9dica general, odontolog\u00eda, y monitoreo de hipertensi\u00f3n arterial y glucemia, entre otros ex\u00e1menes de salud.<br>&nbsp;<br>Tambi\u00e9n se ofrecen asesoramientos en \u00e1reas jur\u00eddicas, defensa del consumidor, jubilaciones y el programa \u00d1ande Huerta, entre otros servicios adicionales.<br>&nbsp;<br>El programa Mascotas Saludables, que promueve la tenencia responsable de los animales dom\u00e9sticos, acompa\u00f1a a La Muni en tu Barrio en todos los operativos. Este programa proporciona atenci\u00f3n veterinaria gratuita, vacunaci\u00f3n antirr\u00e1bica, desparasitaciones y esterilizaciones (castraciones), aunque este \u00faltimo servicio requiere solicitud de turno previo debido a que cuenta con cupo limitado.<br>&nbsp;<br>Para fortalecer la promoci\u00f3n de la tenencia responsable de mascotas, el programa Mascotas Saludables tambi\u00e9n se desplaza por diferentes sectores de la ciudad los d\u00edas martes y jueves, de 9 a 12, ofreciendo \u00fanicamente vacunaci\u00f3n y desparasitaci\u00f3n. En septiembre, estos servicios comenzar\u00e1n el martes 3 en el barrio Molina Punta.<br>&nbsp;<br>Adem\u00e1s, los mi\u00e9rcoles y viernes por la tarde, la Municipalidad realiza operativos de descacharrado en las \u00e1reas previamente visitadas por La Muni en tu Barrio. Desde las 14 horas, camiones y operarios municipales recorren los barrios para retirar objetos en desuso que puedan acumular agua y servir como criaderos de mosquitos, como muebles viejos, electrodom\u00e9sticos, llantas, cubiertas, chatarra, baldes, juguetes y otros recipientes. Los vecinos deben colocar estos art\u00edculos en las veredas para su recolecci\u00f3n.<br>&nbsp;<br>El mi\u00e9rcoles 4 de septiembre, en el barrio Dr. Monta\u00f1a, el operativo de descacharrado abarca el \u00e1rea delimitada por la Av. Maip\u00fa, y las calles 328, Morat\u00edn y Mart\u00ed.<br>&nbsp;<br>CRONOGRAMA<br>&nbsp;<br>04\/09: barrio Dr. Monta\u00f1a (Fern\u00e1ndez de Morat\u00edn y 518). Descacharrado en el \u00e1rea delimitada por Av. Maip\u00fa, Morat\u00edn, Mart\u00ed y calle 328.<br>&nbsp;<br>06\/09: barrio Pirayu\u00ed (Cuba y Alejandro Dumas). Descacharrado en el cuadrante delimitado por Cuba, Nicaragua, S\u00e1nchez de Bustamante y Alejandro Dumas.<br>&nbsp;<br>11\/09: barrio Sor Assunta Pitaro (Los Tulipanes y 322). Descacharrado en el \u00e1rea circunscrita por Bilbao, R\u00edo Dulce, Las Margaritas y Pasionaria.<br>&nbsp;<br>13\/09: barrio Fray J. de la Quintana (Cangallo y S\u00e1nchez de Bustamante). Descacharrado en la zona delimitada por Cuba, Cangallo, Medrano y S\u00e1nchez de Bustamante.<br>&nbsp;<br>18\/09: barrio Juan de Vera (Balboa y Cabeza de Vaca). Descacharrado en el \u00e1rea delimitada por la Av. Col\u00f3n, Av. Del IV Centenario, Cabeza de Vaca y Balboa.<br>&nbsp;<br>20\/09: barrio Ni\u00f1o Jes\u00fas (Pje. Ni\u00f1o Jes\u00fas y Ecuador). Descacharrado en el \u00e1rea circunscrita por la Av. Ra\u00fal Alfons\u00edn, Av. Independencia, Las Piedras y Ni\u00f1o Jes\u00fas.<br>&nbsp;<br>25\/09: barrio Juan XXIII (Igarzabal y Gato y Mancha). Descacharrado en el cuadrante delimitado por Iber\u00e1, Gato y Mancha, Igarzabal y Cabo de Hornos.<br>&nbsp;<br>27\/09: barrio Parque Cadenas (Arias de Mancilla y Prof. Goitia). Descacharrado en el \u00e1rea circunscripta por Ruta 99 (prolongaci\u00f3n de Ra\u00fal Alfons\u00edn), Ruta 5 (Av. Armando Carmelo Romero), Goitia y Ferr\u00e9 de Alsina.<br>&nbsp;<br>VACUNACIONES Y DESPARASITACIONES<br>&nbsp;<br>03\/09: barrio Molina Punta (Las Dalias y Ca\u00e1 Cat\u00ed)<br>&nbsp;<br>05\/09: barrio 3 de Abril (Callao y Osvaldo Meabe)<br>&nbsp;<br>10\/09: barrio Tambor de Tacuar\u00ed (Chile y Pje. Carnolli)<br>&nbsp;<br>12\/09: barrio San Roque Oeste (R\u00edo Miri\u00f1ay y Los Puelches)<br>&nbsp;<br>17\/09: barrio San Jos\u00e9 (plaza de Gasc\u00f3n y Manuel Acevedo)<br>&nbsp;<br>19\/09: barrio Mil Viviendas (Leloir y Juan de Dios G\u00f3mez)<br>&nbsp;<br>26\/09: paraje Perich\u00f3n (calle 11, frente a la delegaci\u00f3n Bejarano).<\/p>\n\n\n\n<figure class=\"wp-block-gallery has-nested-images columns-default is-cropped wp-block-gallery-1 is-layout-flex wp-block-gallery-is-layout-flex\">\n<figure class=\"wp-block-image size-large\"><img loading=\"lazy\" decoding=\"async\" width=\"819\" height=\"1024\" data-id=\"162838\" src=\"https:\/\/corrientesdetarde.com\/wp-content\/uploads\/2024\/08\/12df0863-c2aa-fe71-afaf-932891cb0652-819x1024.png\" alt=\"\" class=\"wp-image-162838\" srcset=\"https:\/\/corrientesdetarde.com\/wp-content\/uploads\/2024\/08\/12df0863-c2aa-fe71-afaf-932891cb0652-819x1024.png 819w, https:\/\/corrientesdetarde.com\/wp-content\/uploads\/2024\/08\/12df0863-c2aa-fe71-afaf-932891cb0652-240x300.png 240w, https:\/\/corrientesdetarde.com\/wp-content\/uploads\/2024\/08\/12df0863-c2aa-fe71-afaf-932891cb0652-768x960.png 768w, https:\/\/corrientesdetarde.com\/wp-content\/uploads\/2024\/08\/12df0863-c2aa-fe71-afaf-932891cb0652.png 1024w\" sizes=\"auto, (max-width: 819px) 100vw, 819px\" \/><\/figure>\n<\/figure>\n\n\n\n<figure class=\"wp-block-image size-full\"><img loading=\"lazy\" decoding=\"async\" width=\"640\" height=\"800\" src=\"https:\/\/corrientesdetarde.com\/wp-content\/uploads\/2024\/08\/3d202b60-c905-b755-1aab-5055ad195249.png\" alt=\"\" class=\"wp-image-162839\" srcset=\"https:\/\/corrientesdetarde.com\/wp-content\/uploads\/2024\/08\/3d202b60-c905-b755-1aab-5055ad195249.png 640w, https:\/\/corrientesdetarde.com\/wp-content\/uploads\/2024\/08\/3d202b60-c905-b755-1aab-5055ad195249-240x300.png 240w\" sizes=\"auto, (max-width: 640px) 100vw, 640px\" \/><\/figure>\n","protected":false},"excerpt":{"rendered":"<p>Las prestaciones sanitarias y servicios, sumado a los programas Mascotas Saludables y Descacharrado comenzar\u00e1n el 4 de septiembre en Morat\u00edn y calle 518, y se prolongar\u00e1n durante todo el mes&hellip; <\/p>\n","protected":false},"author":12,"featured_media":162840,"comment_status":"closed","ping_status":"open","sticky":false,"template":"","format":"standard","meta":{"footnotes":""},"categories":[17],"tags":[],"class_list":["post-162828","post","type-post","status-publish","format-standard","has-post-thumbnail","hentry","category-sociales"],"_links":{"self":[{"href":"https:\/\/corrientesdetarde.com\/index.php\/wp-json\/wp\/v2\/posts\/162828","targetHints":{"allow":["GET"]}}],"collection":[{"href":"https:\/\/corrientesdetarde.com\/index.php\/wp-json\/wp\/v2\/posts"}],"about":[{"href":"https:\/\/corrientesdetarde.com\/index.php\/wp-json\/wp\/v2\/types\/post"}],"author":[{"embeddable":true,"href":"https:\/\/corrientesdetarde.com\/index.php\/wp-json\/wp\/v2\/users\/12"}],"replies":[{"embeddable":true,"href":"https:\/\/corrientesdetarde.com\/index.php\/wp-json\/wp\/v2\/comments?post=162828"}],"version-history":[{"count":1,"href":"https:\/\/corrientesdetarde.com\/index.php\/wp-json\/wp\/v2\/posts\/162828\/revisions"}],"predecessor-version":[{"id":162841,"href":"https:\/\/corrientesdetarde.com\/index.php\/wp-json\/wp\/v2\/posts\/162828\/revisions\/162841"}],"wp:featuredmedia":[{"embeddable":true,"href":"https:\/\/corrientesdetarde.com\/index.php\/wp-json\/wp\/v2\/media\/162840"}],"wp:attachment":[{"href":"https:\/\/corrientesdetarde.com\/index.php\/wp-json\/wp\/v2\/media?parent=162828"}],"wp:term":[{"taxonomy":"category","embeddable":true,"href":"https:\/\/corrientesdetarde.com\/index.php\/wp-json\/wp\/v2\/categories?post=162828"},{"taxonomy":"post_tag","embeddable":true,"href":"https:\/\/corrientesdetarde.com\/index.php\/wp-json\/wp\/v2\/tags?post=162828"}],"curies":[{"name":"wp","href":"https:\/\/api.w.org\/{rel}","templated":true}]}}