{"id":162830,"date":"2024-08-30T15:22:30","date_gmt":"2024-08-30T18:22:30","guid":{"rendered":"https:\/\/corrientesdetarde.com\/?p=162830"},"modified":"2024-08-30T15:22:31","modified_gmt":"2024-08-30T18:22:31","slug":"tehuel-condenaron-al-principal-acusado-a-perpetua-por-homicidio-agravado-por-odio-a-la-identidad-de-genero","status":"publish","type":"post","link":"https:\/\/corrientesdetarde.com\/index.php\/policiales\/tehuel-condenaron-al-principal-acusado-a-perpetua-por-homicidio-agravado-por-odio-a-la-identidad-de-genero\/","title":{"rendered":"Tehuel: condenaron al principal acusado a perpetua por \u201chomicidio agravado por odio a la identidad de g\u00e9nero\u201d"},"content":{"rendered":"\n<h3 class=\"wp-block-heading\">El Tribunal Oral en lo Criminal N\u00b02 de La Plata sentenci\u00f3 a la pena m\u00e1xima a Luis Alberto Ramos. Los jueves tuvieron en cuenta la desaparici\u00f3n del joven, que le impidi\u00f3 a la familia poder despedirse e iniciar el duelo.<\/h3>\n\n\n\n<p>Por unanimidad, el Tribunal Oral en lo Criminal N\u00b02 de La Plata<strong>\u00a0conden\u00f3 a prisi\u00f3n perpetua a\u00a0Luis Alberto Ramos<\/strong>\u00a0por el \u201chomicidio agravado por odio a la orientaci\u00f3n sexual e identidad de g\u00e9nero\u201d de<strong>\u00a0Tehuel de la Torre<\/strong>.<\/p>\n\n\n\n<p>\u201cResulta incuestionable que\u00a0<strong>la muerte de Tehuel fue resultado del odio profesado por Luis Ramos\u201d<\/strong>, concluyeron los jueces en la lectura del veredicto<\/p>\n\n\n\n<p>El fallo del tribunal compuesto por los magistrados&nbsp;<strong>Claudio Joaqu\u00edn Bernard, Silvia Hoerr y Ramiro Fern\u00e1ndez Lorenzo<\/strong>&nbsp;determin\u00f3 la aplicaci\u00f3n simb\u00f3lica de la pena de reclusi\u00f3n perpetua, aunque en la pr\u00e1ctica es similar a la figura de prisi\u00f3n perpetua. Los jueves tuvieron en cuenta el hecho de la desaparici\u00f3n, que impidi\u00f3 a la familia de Tehuel poder despedirse de \u00e9l e iniciar el duelo.<\/p>\n\n\n\n<p>El debate, que empez\u00f3 el 15 de julio, se desarroll\u00f3 en varias audiencias y se bas\u00f3 principalmente en 40 testimonios y gran cantidad de registros f\u00edlmicos, ya que&nbsp;<strong>nunca se encontr\u00f3 el cuerpo del joven.<\/strong><\/p>\n\n\n\n<p>La pena m\u00e1xima hab\u00eda sido pedida por la querella, representada por Flavia Centuri\u00f3n y Cristian Gonz\u00e1lez; y por el fiscal Juan Pablo Caniggia, mientras que la abogada del acusado, Natalia Argenti, hab\u00eda pedido la absoluci\u00f3n.<\/p>\n\n\n\n<p>Se trata del primer juicio de la causa. El otro imputado,&nbsp;<strong>Oscar Montes<\/strong>, enfrentar\u00e1 un proceso con un jurado popular, aunque todav\u00eda no est\u00e1 confirmada la fecha.<\/p>\n\n\n\n<p>Tehuel fue visto por \u00faltima vez el&nbsp;<strong>11 de marzo de 2021<\/strong>, cuando sali\u00f3 de su casa en San Vicente para ir a una entrevista de trabajo en Alejandro Korn, convocado por Ramos.<\/p>\n\n\n\n<figure class=\"wp-block-image\"><img decoding=\"async\" src=\"https:\/\/tn.com.ar\/resizer\/v2\/la-ultima-foto-que-se-saco-tehuel-de-la-torre-dereha-junto-a-los-acusados-luis-alberto-ramos-izquierda-y-alfredo-montes-centro-foto-tn-CEAVEH6EU5BVJDYD4O34AB5N3E.jfif?auth=9438168578e6e6647b64c08fb175c9e37a6e1cbde8228b5bfa382021d1cfe6a0&amp;width=767\" alt=\"La \u00faltima foto que se sac\u00f3 Tehuel de la Torre (dereha) junto a los acusados, Luis Alberto Ramos (izquierda) y Alfredo Montes (centro). (Foto: TN)\"\/><figcaption class=\"wp-element-caption\">La \u00faltima foto que se sac\u00f3 Tehuel de la Torre (dereha) junto a los acusados, Luis Alberto Ramos (izquierda) y Alfredo Montes (centro). (Foto: TN)<\/figcaption><\/figure>\n\n\n\n<h2 class=\"wp-block-heading\">Sali\u00f3 a buscar trabajo y nunca volvi\u00f3: as\u00ed fue la desaparici\u00f3n de Tehuel de la Torre<\/h2>\n\n\n\n<p>Aquel d\u00eda,&nbsp;<strong>Tehuel&nbsp;<\/strong>le dijo a una de sus hermanas que iba a encontrarse con un conocido en la&nbsp;<strong>localidad bonaerense de Alejandro Korn.&nbsp;<\/strong>Se trataba de&nbsp;<strong>Luis Alberto Ramos<\/strong>, un hombre de 36 a\u00f1os que alguna vez le hab\u00eda prestado dinero, y que lo hab\u00eda citado bajo la excusa de un supuesto trabajo de mozo para un evento. Pero<strong>&nbsp;la oferta laboral result\u00f3 ser una trampa<\/strong>.<\/p>\n\n\n\n<p>El joven trans, que entonces ten\u00eda 21 a\u00f1os,&nbsp;<strong>lleg\u00f3 tal cual lo pactado<\/strong>&nbsp;<strong>a la casa Ramos&nbsp;<\/strong>y m\u00e1s tarde ese mismo d\u00eda,<strong>&nbsp;exactamente<\/strong>&nbsp;<strong>a las 20.42, se sac\u00f3 una foto&nbsp;<\/strong>junto con \u00e9l y un tercer hombre: Oscar Alfredo Montes. A partir de all\u00ed se le perdi\u00f3 el rastro. No obstante,&nbsp;<strong>no hay indicios tampoco de que haya salido<\/strong>&nbsp;de ese lugar.&nbsp;<strong>Tres horas y cuarenta minutos<\/strong>&nbsp;m\u00e1s tarde, el celular de Tehuel se apag\u00f3.<\/p>\n\n\n\n<p>Tras la desaparici\u00f3n se hicieron&nbsp;<strong>allanamientos tanto en Alejandro Korn&nbsp;<\/strong>como en distintos lugares de San Vicente, pero ninguno dio resultado positivo y su paradero sigue siendo desconocido.<\/p>\n\n\n\n<p>Aun as\u00ed, existen indicios que&nbsp;<strong>sugieren que fue atacado en la casa de Ramos,&nbsp;<\/strong>ya que en ese lugar se encontraron&nbsp;<strong>manchas de sangre que coinciden con el ADN&nbsp;<\/strong>de la v\u00edctima. Tambi\u00e9n se hallaron una campera y el celular de Tehuel, totalmente destruidos.<\/p>\n\n\n\n<figure class=\"wp-block-image\"><img decoding=\"async\" src=\"https:\/\/tn.com.ar\/resizer\/v2\/el-juicio-por-la-desaparicion-de-tehuel-de-la-torre-se-lleva-adelante-en-la-plata-foto-carolina-villalba-tn-JJ55YYBXJJCJDC6CDSKN3H734Q.jpeg?auth=01dc09a26fe3ba44cff62b1e1e5e9892a2259543fdb9b63d5831cc69a4486d8a&amp;width=767\" alt=\"El juicio por la desaparici\u00f3n de Tehuel de la Torre se lleva adelante en La Plata. (Foto: Carolina Villalba \/ TN).\"\/><figcaption class=\"wp-element-caption\">El juicio por la desaparici\u00f3n de Tehuel de la Torre se lleva adelante en La Plata. (Foto: Carolina Villalba \/ TN).<\/figcaption><\/figure>\n\n\n\n<p>As\u00ed fue como el due\u00f1o de la vivienda y Oscar Alfredo Montes, un chatarrero de 47 a\u00f1os con antecedentes por abuso sexual que es el que aparece, adem\u00e1s de Ramos, en la \u00faltima foto que se conoce de Tehuel, fueron detenidos dos semanas despu\u00e9s,<strong>&nbsp;sospechados de la desaparici\u00f3n.<\/strong><\/p>\n\n\n\n<p>Ramos, que ten\u00eda antecedentes por \u201chomicidio en ocasi\u00f3n de robo\u201d,&nbsp;<strong>reconoci\u00f3 haberse encontrado con Tehuel<\/strong>&nbsp;el 11 de marzo de 2021 a las 16.30, pero asegur\u00f3 que no fueron a ning\u00fan evento y que cada uno despu\u00e9s se retir\u00f3 por su lado. Sin embargo, su versi\u00f3n<strong>&nbsp;no pudo ser corroborada.<\/strong><\/p>\n\n\n\n<p>En tanto, Montes,<strong>&nbsp;se contradijo en sus diferentes declaraciones<\/strong>. En su primera exposici\u00f3n como testigo dijo que nada ten\u00eda que ver con el caso, pero en otra declaraci\u00f3n admiti\u00f3 que ese d\u00eda estuvo en la casa de Ramos junto a Tehuel, aunque aclar\u00f3 que se hab\u00eda ido despu\u00e9s de un rato y que no volvi\u00f3 a saber nada de ellos.<\/p>\n\n\n\n<p>Finalmente, la Justicia orden\u00f3 la detenci\u00f3n de los dos acusados de \u201chomicidio agravado por&nbsp;<strong>odio a la orientaci\u00f3n sexual e identidad de g\u00e9nero (trans odio)<\/strong>\u201d.<\/p>\n","protected":false},"excerpt":{"rendered":"<p>El Tribunal Oral en lo Criminal N\u00b02 de La Plata sentenci\u00f3 a la pena m\u00e1xima a Luis Alberto Ramos. Los jueves tuvieron en cuenta la desaparici\u00f3n del joven, que le&hellip; <\/p>\n","protected":false},"author":12,"featured_media":162842,"comment_status":"closed","ping_status":"open","sticky":false,"template":"","format":"standard","meta":{"footnotes":""},"categories":[33],"tags":[],"class_list":["post-162830","post","type-post","status-publish","format-standard","has-post-thumbnail","hentry","category-policiales"],"_links":{"self":[{"href":"https:\/\/corrientesdetarde.com\/index.php\/wp-json\/wp\/v2\/posts\/162830","targetHints":{"allow":["GET"]}}],"collection":[{"href":"https:\/\/corrientesdetarde.com\/index.php\/wp-json\/wp\/v2\/posts"}],"about":[{"href":"https:\/\/corrientesdetarde.com\/index.php\/wp-json\/wp\/v2\/types\/post"}],"author":[{"embeddable":true,"href":"https:\/\/corrientesdetarde.com\/index.php\/wp-json\/wp\/v2\/users\/12"}],"replies":[{"embeddable":true,"href":"https:\/\/corrientesdetarde.com\/index.php\/wp-json\/wp\/v2\/comments?post=162830"}],"version-history":[{"count":1,"href":"https:\/\/corrientesdetarde.com\/index.php\/wp-json\/wp\/v2\/posts\/162830\/revisions"}],"predecessor-version":[{"id":162843,"href":"https:\/\/corrientesdetarde.com\/index.php\/wp-json\/wp\/v2\/posts\/162830\/revisions\/162843"}],"wp:featuredmedia":[{"embeddable":true,"href":"https:\/\/corrientesdetarde.com\/index.php\/wp-json\/wp\/v2\/media\/162842"}],"wp:attachment":[{"href":"https:\/\/corrientesdetarde.com\/index.php\/wp-json\/wp\/v2\/media?parent=162830"}],"wp:term":[{"taxonomy":"category","embeddable":true,"href":"https:\/\/corrientesdetarde.com\/index.php\/wp-json\/wp\/v2\/categories?post=162830"},{"taxonomy":"post_tag","embeddable":true,"href":"https:\/\/corrientesdetarde.com\/index.php\/wp-json\/wp\/v2\/tags?post=162830"}],"curies":[{"name":"wp","href":"https:\/\/api.w.org\/{rel}","templated":true}]}}