{"id":162868,"date":"2024-08-30T18:02:45","date_gmt":"2024-08-30T21:02:45","guid":{"rendered":"https:\/\/corrientesdetarde.com\/?p=162868"},"modified":"2024-08-30T18:02:57","modified_gmt":"2024-08-30T21:02:57","slug":"siguen-en-marcha-las-obras-en-la-costanera-tassano-recorre-terrazas-del-parana","status":"publish","type":"post","link":"https:\/\/corrientesdetarde.com\/index.php\/informacion-general\/siguen-en-marcha-las-obras-en-la-costanera-tassano-recorre-terrazas-del-parana\/","title":{"rendered":"Siguen en marcha las obras en la costanera: Tassano recorre Terrazas del Paran\u00e1"},"content":{"rendered":"\n<p><em>El intendente estuvo en la costanera, en un tramo donde se realizaron trabajos para aprovechar ese verdadero balc\u00f3n al r\u00edo. La zona, que estaba en desuso, ahora se revitaliza con mejoras integrales en la infraestructura urbana para paseos y accesibilidad. Tambi\u00e9n tiene inversi\u00f3n privada con emprendimientos gastron\u00f3micos. Se arreglaron los ba\u00f1os, eliminaron escombros y est\u00e1 delimitado un espacio para un futuro anfiteatro para el disfrute de vecinos y turistas.&nbsp;<\/em><\/p>\n\n\n\n<p>Avanza la refuncionalizaci\u00f3n de un espacio que se encontraba pr\u00e1cticamente obsoleto en un tramo de la costanera correntina, principal paseo de la ciudad. Se trata de las Tarrazas del Paran\u00e1, que se inician a la altura de calle Yrigoyen y se extienden hasta el acceso a la playa Islas Malvinas, frente a calle Edison.<br>Hasta all\u00ed lleg\u00f3 el intendente Eduardo Tassano para recorrer la marcha de los trabajos de transformaci\u00f3n, recuperaci\u00f3n y aprovechamiento del lugar, que pronto tendr\u00e1 su inauguraci\u00f3n oficial.<br>En ese tramo, con el trabajo conjunto de las secretar\u00edas de Espacio P\u00fablico y de Infraestructura municipal, se avanz\u00f3 en toda una nueva infraestructura urbana de paseo p\u00fablico, a lo que se suman dos emprendimientos privados del rubro gastron\u00f3mico.&nbsp;<br><br>La iniciativa ratifica la apuesta de la gesti\u00f3n Tassano a impulsar el turismo de la ciudad. Esta vez mediante la apertura de este paseo, que estar\u00e1 acoplado a las obras integrales que ya se realizaron en la costanera y que se realizan de manera articulada con el Gobierno provincial. De esta manera, adem\u00e1s de los varios frentes de obras simult\u00e1neos que se ejecutan en los barrios capitalinos, el Municipio tambi\u00e9n avanza en la revalorizaci\u00f3n y refuncionalizaci\u00f3n de espacios p\u00fablicos y la transformaci\u00f3n integral de los paseos p\u00fablicos de la ciudad, en este caso en la costanera.<br><br>En Terrazas del Paran\u00e1, adem\u00e1s de la adecuaci\u00f3n del suelo y colocaci\u00f3n de baldosas, se realiz\u00f3 la construcci\u00f3n de escaleras e incorporaci\u00f3n de rampas para llegar a la playa. Estas intervenciones estuvieron guiadas por un dise\u00f1o inclusivo y de accesibilidad universal para lograr el disfrute, comodidad y movilidad de personas con discapacidad, madres y padres con cochecito de sus beb\u00e9s y el tr\u00e1nsito de adultos mayores.<br><br>POLO DE TURISMO<br>Tras la recorrida por el lugar, el intendente Tassano valor\u00f3 el avance en \u201cun nuevo polo de turismo y visita\u201d. A su vez, ratific\u00f3 que se continuar\u00e1 trabajando para potenciar la ciudad en su infraestructura, turismo y el disfrute de los vecinos.<br><br>CUALIDADES DE LA OBRA&nbsp;<br>Por su parte, la secretaria de Desarrollo Urbano Alejandra Wichmann, quien acompa\u00f1\u00f3 la recorrida indic\u00f3 que \u201ccreamos espacios de uso cotidiano pensando en la accesibilidad para todos\u201d.<br>\u201cEstamos d\u00e1ndole una reutilizaci\u00f3n a estos espacios que forman parte de nuestra joya, la costanera, para la inclusi\u00f3n de toda la sociedad\u201d, resalt\u00f3 la funcionaria.<\/p>\n\n\n\n<figure class=\"wp-block-gallery has-nested-images columns-default is-cropped wp-block-gallery-1 is-layout-flex wp-block-gallery-is-layout-flex\">\n<figure class=\"wp-block-image size-large\"><img loading=\"lazy\" decoding=\"async\" width=\"1024\" height=\"682\" data-id=\"162877\" src=\"https:\/\/corrientesdetarde.com\/wp-content\/uploads\/2024\/08\/0d9c1129-1a48-be9a-79ee-3c923ee4ccfe-1024x682.jpeg\" alt=\"\" class=\"wp-image-162877\" srcset=\"https:\/\/corrientesdetarde.com\/wp-content\/uploads\/2024\/08\/0d9c1129-1a48-be9a-79ee-3c923ee4ccfe-1024x682.jpeg 1024w, https:\/\/corrientesdetarde.com\/wp-content\/uploads\/2024\/08\/0d9c1129-1a48-be9a-79ee-3c923ee4ccfe-300x200.jpeg 300w, https:\/\/corrientesdetarde.com\/wp-content\/uploads\/2024\/08\/0d9c1129-1a48-be9a-79ee-3c923ee4ccfe-768x512.jpeg 768w, https:\/\/corrientesdetarde.com\/wp-content\/uploads\/2024\/08\/0d9c1129-1a48-be9a-79ee-3c923ee4ccfe.jpeg 1280w\" sizes=\"auto, (max-width: 1024px) 100vw, 1024px\" \/><\/figure>\n\n\n\n<figure class=\"wp-block-image size-large\"><img loading=\"lazy\" decoding=\"async\" width=\"1024\" height=\"682\" data-id=\"162876\" src=\"https:\/\/corrientesdetarde.com\/wp-content\/uploads\/2024\/08\/5919527a-c5fd-4281-4348-42ca995191ac-1024x682.jpeg\" alt=\"\" class=\"wp-image-162876\" srcset=\"https:\/\/corrientesdetarde.com\/wp-content\/uploads\/2024\/08\/5919527a-c5fd-4281-4348-42ca995191ac-1024x682.jpeg 1024w, https:\/\/corrientesdetarde.com\/wp-content\/uploads\/2024\/08\/5919527a-c5fd-4281-4348-42ca995191ac-300x200.jpeg 300w, https:\/\/corrientesdetarde.com\/wp-content\/uploads\/2024\/08\/5919527a-c5fd-4281-4348-42ca995191ac-768x512.jpeg 768w, https:\/\/corrientesdetarde.com\/wp-content\/uploads\/2024\/08\/5919527a-c5fd-4281-4348-42ca995191ac.jpeg 1280w\" sizes=\"auto, (max-width: 1024px) 100vw, 1024px\" \/><\/figure>\n\n\n\n<figure class=\"wp-block-image size-large\"><img loading=\"lazy\" decoding=\"async\" width=\"1024\" height=\"682\" data-id=\"162875\" src=\"https:\/\/corrientesdetarde.com\/wp-content\/uploads\/2024\/08\/dc03134c-fc81-1952-d6df-4d8e0205b77f-1024x682.jpeg\" alt=\"\" class=\"wp-image-162875\" srcset=\"https:\/\/corrientesdetarde.com\/wp-content\/uploads\/2024\/08\/dc03134c-fc81-1952-d6df-4d8e0205b77f-1024x682.jpeg 1024w, https:\/\/corrientesdetarde.com\/wp-content\/uploads\/2024\/08\/dc03134c-fc81-1952-d6df-4d8e0205b77f-300x200.jpeg 300w, https:\/\/corrientesdetarde.com\/wp-content\/uploads\/2024\/08\/dc03134c-fc81-1952-d6df-4d8e0205b77f-768x512.jpeg 768w, https:\/\/corrientesdetarde.com\/wp-content\/uploads\/2024\/08\/dc03134c-fc81-1952-d6df-4d8e0205b77f.jpeg 1280w\" sizes=\"auto, (max-width: 1024px) 100vw, 1024px\" \/><\/figure>\n<\/figure>\n","protected":false},"excerpt":{"rendered":"<p>El intendente estuvo en la costanera, en un tramo donde se realizaron trabajos para aprovechar ese verdadero balc\u00f3n al r\u00edo. La zona, que estaba en desuso, ahora se revitaliza con&hellip; <\/p>\n","protected":false},"author":12,"featured_media":162878,"comment_status":"closed","ping_status":"open","sticky":false,"template":"","format":"standard","meta":{"footnotes":""},"categories":[1],"tags":[],"class_list":["post-162868","post","type-post","status-publish","format-standard","has-post-thumbnail","hentry","category-informacion-general"],"_links":{"self":[{"href":"https:\/\/corrientesdetarde.com\/index.php\/wp-json\/wp\/v2\/posts\/162868","targetHints":{"allow":["GET"]}}],"collection":[{"href":"https:\/\/corrientesdetarde.com\/index.php\/wp-json\/wp\/v2\/posts"}],"about":[{"href":"https:\/\/corrientesdetarde.com\/index.php\/wp-json\/wp\/v2\/types\/post"}],"author":[{"embeddable":true,"href":"https:\/\/corrientesdetarde.com\/index.php\/wp-json\/wp\/v2\/users\/12"}],"replies":[{"embeddable":true,"href":"https:\/\/corrientesdetarde.com\/index.php\/wp-json\/wp\/v2\/comments?post=162868"}],"version-history":[{"count":1,"href":"https:\/\/corrientesdetarde.com\/index.php\/wp-json\/wp\/v2\/posts\/162868\/revisions"}],"predecessor-version":[{"id":162880,"href":"https:\/\/corrientesdetarde.com\/index.php\/wp-json\/wp\/v2\/posts\/162868\/revisions\/162880"}],"wp:featuredmedia":[{"embeddable":true,"href":"https:\/\/corrientesdetarde.com\/index.php\/wp-json\/wp\/v2\/media\/162878"}],"wp:attachment":[{"href":"https:\/\/corrientesdetarde.com\/index.php\/wp-json\/wp\/v2\/media?parent=162868"}],"wp:term":[{"taxonomy":"category","embeddable":true,"href":"https:\/\/corrientesdetarde.com\/index.php\/wp-json\/wp\/v2\/categories?post=162868"},{"taxonomy":"post_tag","embeddable":true,"href":"https:\/\/corrientesdetarde.com\/index.php\/wp-json\/wp\/v2\/tags?post=162868"}],"curies":[{"name":"wp","href":"https:\/\/api.w.org\/{rel}","templated":true}]}}