{"id":162869,"date":"2024-08-30T18:02:52","date_gmt":"2024-08-30T21:02:52","guid":{"rendered":"https:\/\/corrientesdetarde.com\/?p=162869"},"modified":"2024-08-30T18:02:53","modified_gmt":"2024-08-30T21:02:53","slug":"cierre-inclusivo-del-mes-de-las-infancias-queremos-una-ciudad-con-igualdad-de-oportunidades-afirmo-tassano","status":"publish","type":"post","link":"https:\/\/corrientesdetarde.com\/index.php\/sociales\/cierre-inclusivo-del-mes-de-las-infancias-queremos-una-ciudad-con-igualdad-de-oportunidades-afirmo-tassano\/","title":{"rendered":"Cierre inclusivo del Mes de las Infancias: \u201cQueremos una ciudad con igualdad de oportunidades\u201d, afirm\u00f3 Tassano"},"content":{"rendered":"\n<p><em>En el Parque Mitre se llev\u00f3 a cabo un evento con ni\u00f1os, ni\u00f1as y j\u00f3venes con discapacidad. Participaron diversas instituciones del medio con una feria, actividades deportivas y juegos recreativos. En la ocasi\u00f3n, Tassano confirm\u00f3 la realizaci\u00f3n desde septiembre del \u201cAccecine\u201d, una jornada para que chicos y chicas con discapacidad puedan disfrutar del cine en una sala adaptada.<\/em><\/p>\n\n\n\n<p>Como cierre del Mes de las Infancias, este viernes por la ma\u00f1ana se desarroll\u00f3 en el Parque Mitre un encuentro festivo y de inclusi\u00f3n.<br>El intendente Eduardo Tassano acompa\u00f1\u00f3 la jornada en que cientos de ni\u00f1os, ni\u00f1as y j\u00f3venes con discapacidad pudieron disfrutar de una feria, actividades deportivas y distintos juegos recreativos.<br>Participaron diversas instituciones del medio y contaron con el acompa\u00f1amiento del Consejo Municipal para Personas con Discapacidad.<br>En la ocasi\u00f3n, Tassano resalt\u00f3 que desde la gesti\u00f3n municipal se trabaja intensamente para tener \u201cuna ciudad con inclusi\u00f3n e igualdad de oportunidades\u201d.<br>Adem\u00e1s, confirm\u00f3 que en septiembre se realizar\u00e1 el \u201cAccecine\u201d. Se trata de un evento para que chicos y chicas con discapacidad puedan disfrutar del cine en una sala adaptada a su comodidad.<br>Acompa\u00f1aron al intendente, el vice Emilio Lanari; el director del Consejo Municipal para Personas con Discapacidad, Marcelo Robledo; el secretario de Salud, Rafael Corona; el presidente del Concejo Deliberante, Marcos Amarilla; funcionarios, docentes de instituciones del medio y ni\u00f1os, ni\u00f1as y j\u00f3venes.<br><br>COMPROMISO DE IGUALDAD<br>\u201cEsta es una jornada para contribuir a la concientizaci\u00f3n, para unirnos por la inclusi\u00f3n y para seguir trabajando en este sentido\u201d, afirm\u00f3 en la oportunidad el intendente.<br>\u201cContamos con la presencia de m\u00e1s de 400 ni\u00f1os de diferentes puntos de la ciudad\u201d, valor\u00f3 y agreg\u00f3 \u201cEstamos construyendo una ciudad inclusiva y con igualdad de oportunidades\u201d.&nbsp;<br>A su vez, Tassano mencion\u00f3 el trabajo que se viene realizando y anticip\u00f3 que se vienen propuestas para que todas las personas puedan ser parte de la agenda cultural. \u201cTenemos que atender y ocuparnos del sector\u201d,<br><br>TRABAJO DE INCLUSI\u00d3N<br>Por su parte, el director del Consejo Municipal para Personas con Discapacidad, Marcelo Robledo mencion\u00f3 el trabajo que se realiz\u00f3 a modo de cierre por el Mes de las Infancias, en que se cont\u00f3 con la participaci\u00f3n de 12 instituciones que albergan alumnos con discapacidad con el objetivo de visibilizar al sector.<br>En ese sentido, el encargado del \u00e1rea destac\u00f3 el compromiso de trabajar desde la Municipalidad con dichas instituciones como tambi\u00e9n en la inclusi\u00f3n de otras escuelas para que \u201clos alumnos puedan trabajar coordinadamente entre s\u00ed\u201d.<\/p>\n\n\n\n<figure class=\"wp-block-gallery has-nested-images columns-default is-cropped wp-block-gallery-1 is-layout-flex wp-block-gallery-is-layout-flex\">\n<figure class=\"wp-block-image size-large\"><img loading=\"lazy\" decoding=\"async\" width=\"1024\" height=\"682\" data-id=\"162871\" src=\"https:\/\/corrientesdetarde.com\/wp-content\/uploads\/2024\/08\/8acd1c12-d897-170b-7f83-26d03bde1af7-1024x682.jpeg\" alt=\"\" class=\"wp-image-162871\" srcset=\"https:\/\/corrientesdetarde.com\/wp-content\/uploads\/2024\/08\/8acd1c12-d897-170b-7f83-26d03bde1af7-1024x682.jpeg 1024w, https:\/\/corrientesdetarde.com\/wp-content\/uploads\/2024\/08\/8acd1c12-d897-170b-7f83-26d03bde1af7-300x200.jpeg 300w, https:\/\/corrientesdetarde.com\/wp-content\/uploads\/2024\/08\/8acd1c12-d897-170b-7f83-26d03bde1af7-768x512.jpeg 768w, https:\/\/corrientesdetarde.com\/wp-content\/uploads\/2024\/08\/8acd1c12-d897-170b-7f83-26d03bde1af7.jpeg 1280w\" sizes=\"auto, (max-width: 1024px) 100vw, 1024px\" \/><\/figure>\n\n\n\n<figure class=\"wp-block-image size-large\"><img loading=\"lazy\" decoding=\"async\" width=\"1024\" height=\"682\" data-id=\"162873\" src=\"https:\/\/corrientesdetarde.com\/wp-content\/uploads\/2024\/08\/e183509b-d080-859a-0536-ebe674e40aa6-1024x682.jpeg\" alt=\"\" class=\"wp-image-162873\" srcset=\"https:\/\/corrientesdetarde.com\/wp-content\/uploads\/2024\/08\/e183509b-d080-859a-0536-ebe674e40aa6-1024x682.jpeg 1024w, https:\/\/corrientesdetarde.com\/wp-content\/uploads\/2024\/08\/e183509b-d080-859a-0536-ebe674e40aa6-300x200.jpeg 300w, https:\/\/corrientesdetarde.com\/wp-content\/uploads\/2024\/08\/e183509b-d080-859a-0536-ebe674e40aa6-768x512.jpeg 768w, https:\/\/corrientesdetarde.com\/wp-content\/uploads\/2024\/08\/e183509b-d080-859a-0536-ebe674e40aa6.jpeg 1280w\" sizes=\"auto, (max-width: 1024px) 100vw, 1024px\" \/><\/figure>\n\n\n\n<figure class=\"wp-block-image size-large\"><img loading=\"lazy\" decoding=\"async\" width=\"1024\" height=\"682\" data-id=\"162870\" src=\"https:\/\/corrientesdetarde.com\/wp-content\/uploads\/2024\/08\/ade48fc7-1954-2f7c-44f5-c997ffa61507-1024x682.jpeg\" alt=\"\" class=\"wp-image-162870\" srcset=\"https:\/\/corrientesdetarde.com\/wp-content\/uploads\/2024\/08\/ade48fc7-1954-2f7c-44f5-c997ffa61507-1024x682.jpeg 1024w, https:\/\/corrientesdetarde.com\/wp-content\/uploads\/2024\/08\/ade48fc7-1954-2f7c-44f5-c997ffa61507-300x200.jpeg 300w, https:\/\/corrientesdetarde.com\/wp-content\/uploads\/2024\/08\/ade48fc7-1954-2f7c-44f5-c997ffa61507-768x512.jpeg 768w, https:\/\/corrientesdetarde.com\/wp-content\/uploads\/2024\/08\/ade48fc7-1954-2f7c-44f5-c997ffa61507.jpeg 1280w\" sizes=\"auto, (max-width: 1024px) 100vw, 1024px\" \/><\/figure>\n\n\n\n<figure class=\"wp-block-image size-large\"><img loading=\"lazy\" decoding=\"async\" width=\"1024\" height=\"682\" data-id=\"162872\" src=\"https:\/\/corrientesdetarde.com\/wp-content\/uploads\/2024\/08\/77983b1c-21bd-3e70-a834-c17eec8eb125-1024x682.jpeg\" alt=\"\" class=\"wp-image-162872\" srcset=\"https:\/\/corrientesdetarde.com\/wp-content\/uploads\/2024\/08\/77983b1c-21bd-3e70-a834-c17eec8eb125-1024x682.jpeg 1024w, https:\/\/corrientesdetarde.com\/wp-content\/uploads\/2024\/08\/77983b1c-21bd-3e70-a834-c17eec8eb125-300x200.jpeg 300w, https:\/\/corrientesdetarde.com\/wp-content\/uploads\/2024\/08\/77983b1c-21bd-3e70-a834-c17eec8eb125-768x512.jpeg 768w, https:\/\/corrientesdetarde.com\/wp-content\/uploads\/2024\/08\/77983b1c-21bd-3e70-a834-c17eec8eb125.jpeg 1280w\" sizes=\"auto, (max-width: 1024px) 100vw, 1024px\" \/><\/figure>\n<\/figure>\n","protected":false},"excerpt":{"rendered":"<p>En el Parque Mitre se llev\u00f3 a cabo un evento con ni\u00f1os, ni\u00f1as y j\u00f3venes con discapacidad. Participaron diversas instituciones del medio con una feria, actividades deportivas y juegos recreativos.&hellip; <\/p>\n","protected":false},"author":12,"featured_media":162874,"comment_status":"closed","ping_status":"open","sticky":false,"template":"","format":"standard","meta":{"footnotes":""},"categories":[17],"tags":[],"class_list":["post-162869","post","type-post","status-publish","format-standard","has-post-thumbnail","hentry","category-sociales"],"_links":{"self":[{"href":"https:\/\/corrientesdetarde.com\/index.php\/wp-json\/wp\/v2\/posts\/162869","targetHints":{"allow":["GET"]}}],"collection":[{"href":"https:\/\/corrientesdetarde.com\/index.php\/wp-json\/wp\/v2\/posts"}],"about":[{"href":"https:\/\/corrientesdetarde.com\/index.php\/wp-json\/wp\/v2\/types\/post"}],"author":[{"embeddable":true,"href":"https:\/\/corrientesdetarde.com\/index.php\/wp-json\/wp\/v2\/users\/12"}],"replies":[{"embeddable":true,"href":"https:\/\/corrientesdetarde.com\/index.php\/wp-json\/wp\/v2\/comments?post=162869"}],"version-history":[{"count":1,"href":"https:\/\/corrientesdetarde.com\/index.php\/wp-json\/wp\/v2\/posts\/162869\/revisions"}],"predecessor-version":[{"id":162879,"href":"https:\/\/corrientesdetarde.com\/index.php\/wp-json\/wp\/v2\/posts\/162869\/revisions\/162879"}],"wp:featuredmedia":[{"embeddable":true,"href":"https:\/\/corrientesdetarde.com\/index.php\/wp-json\/wp\/v2\/media\/162874"}],"wp:attachment":[{"href":"https:\/\/corrientesdetarde.com\/index.php\/wp-json\/wp\/v2\/media?parent=162869"}],"wp:term":[{"taxonomy":"category","embeddable":true,"href":"https:\/\/corrientesdetarde.com\/index.php\/wp-json\/wp\/v2\/categories?post=162869"},{"taxonomy":"post_tag","embeddable":true,"href":"https:\/\/corrientesdetarde.com\/index.php\/wp-json\/wp\/v2\/tags?post=162869"}],"curies":[{"name":"wp","href":"https:\/\/api.w.org\/{rel}","templated":true}]}}