{"id":162965,"date":"2024-08-31T08:00:13","date_gmt":"2024-08-31T11:00:13","guid":{"rendered":"https:\/\/corrientesdetarde.com\/?p=162965"},"modified":"2024-08-31T08:00:14","modified_gmt":"2024-08-31T11:00:14","slug":"terrazas-del-parana-una-obra-en-la-costanera-pronta-a-finalizar","status":"publish","type":"post","link":"https:\/\/corrientesdetarde.com\/index.php\/locales\/terrazas-del-parana-una-obra-en-la-costanera-pronta-a-finalizar\/","title":{"rendered":"Terrazas del Paran\u00e1, una obra en la costanera pronta a finalizar"},"content":{"rendered":"\n<p>El intendente Eduardo Tassano recorri\u00f3 los trabajos que se realizan para aprovechar ese verdadero balc\u00f3n al r\u00edo. La zona, que estaba en desuso, ahora se revitaliza con mejoras integrales en la infraestructura urbana para paseos y accesibilidad.<\/p>\n\n\n\n<p>La refuncionalizaci\u00f3n de un espacio que se encontraba pr\u00e1cticamente obsoleto en un tramo de la costanera correntina, principal paseo de la ciudad, avanza en su remodelaci\u00f3n para la utilizaci\u00f3n de todos los capitalinos y visitantes. Se trata de las Terrazas del Paran\u00e1, un espacio frente al r\u00edo que comienza a la altura de calle Yrigoyen y se extiende hasta el acceso a la playa Islas Malvinas, frente a calle Edison.<\/p>\n\n\n\n<p>Hasta ese sector de la ciudad lleg\u00f3 el intendente Eduardo Tassano para recorrer la marcha de los trabajos de transformaci\u00f3n, recuperaci\u00f3n y aprovechamiento del lugar, que en un corto plazo tendr\u00e1 su inauguraci\u00f3n oficial.<\/p>\n\n\n\n<p>En ese tramo, con el trabajo conjunto de las secretar\u00edas de Espacio P\u00fablico y de Infraestructura municipal, avanzaron en toda una nueva infraestructura urbana de paseo p\u00fablico, a lo que se suman dos emprendimientos privados del rubro gastron\u00f3mico.<\/p>\n\n\n\n<p>La iniciativa ratifica la apuesta de la gesti\u00f3n municipal de Tassano a impulsar el turismo en Capital y potenciar la denominada Ciudad de Eventos. La apertura de este paseo estar\u00e1 acoplada a las obras integrales que ya se realizaron en la costanera de manera articulada con el Gobierno Provincial. De esta manera, adem\u00e1s de los varios frentes de obras que se ejecutan en los barrios capitalinos de manera simult\u00e1nea, el Municipio tambi\u00e9n avanza refuncionalizaci\u00f3n de espacios p\u00fablicos y la transformaci\u00f3n integral de los paseos de la ciudad, en este caso en la costanera.<\/p>\n\n\n\n<figure class=\"wp-block-image\"><img decoding=\"async\" src=\"https:\/\/www.diarioepoca.com\/content\/bucket\/9\/1381369w380h228c.jpg.webp\" alt=\"\"\/><\/figure>\n\n\n\n<p>El trabajo que se realiz\u00f3 hasta el momento en Terrazas del Paran\u00e1, adem\u00e1s de la adecuaci\u00f3n del suelo y colocaci\u00f3n de baldosas, fue la construcci\u00f3n de escaleras e incorporaci\u00f3n de rampas para llegar a la playa. Estas intervenciones estuvieron guiadas por un dise\u00f1o inclusivo y de accesibilidad universal para lograr el disfrute, comodidad y movilidad de personas con discapacidad, madres y padres con cochecitos de sus beb\u00e9s y el tr\u00e1nsito de adultos mayores.<\/p>\n\n\n\n<p>Tras la recorrida por el lugar de la importante obra llevada adelante por el Municipio, el intendente Tassano valor\u00f3 el avance en &#8220;un nuevo polo de turismo y visita&#8221;. A su vez, ratific\u00f3 que se continuar\u00e1 trabajando para potenciar la ciudad en su infraestructura, turismo y el disfrute de los vecinos.<\/p>\n\n\n\n<figure class=\"wp-block-image\"><img decoding=\"async\" src=\"https:\/\/www.diarioepoca.com\/content\/bucket\/0\/1381370w380h132c.jpg.webp\" alt=\"\"\/><\/figure>\n\n\n\n<h2 class=\"wp-block-heading\">Caracter\u00edsticas de la obra<\/h2>\n\n\n\n<p>En tanto que la secretaria de Desarrollo Urbano de la Municipalidad, Alejandra Wichmann, quien acompa\u00f1\u00f3 la recorrida, indic\u00f3: &#8220;Creamos espacios de uso cotidiano pensando en la accesibilidad para todos&#8221;.<\/p>\n\n\n\n<p>&#8220;Estamos d\u00e1ndole una reutilizaci\u00f3n a estos espacios que forman parte de nuestra joya, la costanera, para la inclusi\u00f3n de toda la sociedad&#8221;, resalt\u00f3 la funcionaria.<\/p>\n","protected":false},"excerpt":{"rendered":"<p>El intendente Eduardo Tassano recorri\u00f3 los trabajos que se realizan para aprovechar ese verdadero balc\u00f3n al r\u00edo. La zona, que estaba en desuso, ahora se revitaliza con mejoras integrales en&hellip; <\/p>\n","protected":false},"author":3,"featured_media":162978,"comment_status":"closed","ping_status":"open","sticky":false,"template":"","format":"standard","meta":{"footnotes":""},"categories":[8],"tags":[],"class_list":["post-162965","post","type-post","status-publish","format-standard","has-post-thumbnail","hentry","category-locales"],"_links":{"self":[{"href":"https:\/\/corrientesdetarde.com\/index.php\/wp-json\/wp\/v2\/posts\/162965","targetHints":{"allow":["GET"]}}],"collection":[{"href":"https:\/\/corrientesdetarde.com\/index.php\/wp-json\/wp\/v2\/posts"}],"about":[{"href":"https:\/\/corrientesdetarde.com\/index.php\/wp-json\/wp\/v2\/types\/post"}],"author":[{"embeddable":true,"href":"https:\/\/corrientesdetarde.com\/index.php\/wp-json\/wp\/v2\/users\/3"}],"replies":[{"embeddable":true,"href":"https:\/\/corrientesdetarde.com\/index.php\/wp-json\/wp\/v2\/comments?post=162965"}],"version-history":[{"count":1,"href":"https:\/\/corrientesdetarde.com\/index.php\/wp-json\/wp\/v2\/posts\/162965\/revisions"}],"predecessor-version":[{"id":162999,"href":"https:\/\/corrientesdetarde.com\/index.php\/wp-json\/wp\/v2\/posts\/162965\/revisions\/162999"}],"wp:featuredmedia":[{"embeddable":true,"href":"https:\/\/corrientesdetarde.com\/index.php\/wp-json\/wp\/v2\/media\/162978"}],"wp:attachment":[{"href":"https:\/\/corrientesdetarde.com\/index.php\/wp-json\/wp\/v2\/media?parent=162965"}],"wp:term":[{"taxonomy":"category","embeddable":true,"href":"https:\/\/corrientesdetarde.com\/index.php\/wp-json\/wp\/v2\/categories?post=162965"},{"taxonomy":"post_tag","embeddable":true,"href":"https:\/\/corrientesdetarde.com\/index.php\/wp-json\/wp\/v2\/tags?post=162965"}],"curies":[{"name":"wp","href":"https:\/\/api.w.org\/{rel}","templated":true}]}}