{"id":162967,"date":"2024-08-31T08:00:11","date_gmt":"2024-08-31T11:00:11","guid":{"rendered":"https:\/\/corrientesdetarde.com\/?p=162967"},"modified":"2024-08-31T08:00:12","modified_gmt":"2024-08-31T11:00:12","slug":"alerta-sanitaria-por-una-nueva-variante-de-la-viruela-del-mono","status":"publish","type":"post","link":"https:\/\/corrientesdetarde.com\/index.php\/bienestar-y-salud\/alerta-sanitaria-por-una-nueva-variante-de-la-viruela-del-mono\/","title":{"rendered":"Alerta sanitaria por una nueva variante de la viruela del mono"},"content":{"rendered":"\n<p>Desde la cartera sanitaria de Corrientes siguen las instrucciones de la Organizaci\u00f3n Mundial de la Salud. Alfredo Revidatti, coordinador de Pol\u00edticas Hospitalarias, brind\u00f3 recomendaciones a la poblaci\u00f3n.<\/p>\n\n\n\n<p>Las autoridades sanitarias de la Provincia trabajan en la prevenci\u00f3n de la viruela del mono. Alfredo Revidatti, coordinador de Pol\u00edticas Hospitalarias del Ministerio de Salud P\u00fablica de Corrientes, inform\u00f3 sobre la alerta emitida por la Organizaci\u00f3n Mundial de la Salud.<\/p>\n\n\n\n<p>El profesional explic\u00f3 que esta variante conocida como 1B, se ha detectado en \u00c1frica y es altamente contagiosa, especialmente entre ni\u00f1os, embarazadas y personas con pr\u00e1cticas sexuales de riesgo, como las relaciones homosexuales o bisexuales.<\/p>\n\n\n\n<p>&#8220;En Corrientes, se registr\u00f3 un caso de viruela del mono en una persona proveniente de Buenos Aires, que fue aislada en el Hospital de Campa\u00f1a y logr\u00f3 recuperarse sin complicaciones graves&#8221;, dijo.<\/p>\n\n\n\n<figure class=\"wp-block-image\"><img decoding=\"async\" src=\"https:\/\/www.diarioepoca.com\/content\/bucket\/2\/1381362w380h232c.jpg.webp\" alt=\"\"\/><\/figure>\n\n\n\n<p>Revidatti destac\u00f3 la importancia de estar atentos a los s\u00edntomas de esta enfermedad, como fiebre, decaimiento, ganglios inflamados y la aparici\u00f3n de ampollas caracter\u00edsticas en la piel que pueden presentarse en todo el cuerpo, incluidas las palmas de las manos, las plantas de los pies y alrededor del ano&#8221;, precis\u00f3.<\/p>\n\n\n\n<p>Adem\u00e1s, hizo un llamado a la poblaci\u00f3n para que consulte al m\u00e9dico ante la aparici\u00f3n de s\u00edntomas y se mantenga informada sobre la evoluci\u00f3n de la enfermedad. Aunque existen vacunas, su disponibilidad es limitada y se concentran en zonas de alto riesgo como \u00c1frica.<\/p>\n\n\n\n<figure class=\"wp-block-image\"><img decoding=\"async\" src=\"https:\/\/www.diarioepoca.com\/content\/bucket\/3\/1381363w380h132c.jpg.webp\" alt=\"\"\/><\/figure>\n\n\n\n<p>Vale recordar que a mediados de agosto, la viruela del mono avanza en el mundo y un nuevo caso fue informado en Argentina. El Bolet\u00edn Epidemiol\u00f3gico Nacional (BEN), emitido por el Ministerio de Salud de la Naci\u00f3n, revel\u00f3 que en Argentina se hab\u00edan confirmado cinco casos de viruela del mono (Mpox) desde la Semana Epidemiol\u00f3gica 1 (SE1) a la 31 de 2024, de un total de 39 notificados.<\/p>\n\n\n\n<p>El ministro de Salud P\u00fablica de Corrientes, Ricardo Cardozo, confirm\u00f3 el pasado viernes 16 de agosto el primer caso de viruela del mono en la provincia, indicando que el paciente &#8220;ya est\u00e1 de alta y con buena evoluci\u00f3n&#8221;. A ra\u00edz de este caso, se reforzaron los controles en el aeropuerto Piragine Niveyro para prevenir la propagaci\u00f3n del virus.<\/p>\n\n\n\n<figure class=\"wp-block-image\"><img decoding=\"async\" src=\"https:\/\/www.diarioepoca.com\/content\/bucket\/4\/1381364w380h132c.jpg.webp\" alt=\"\"\/><\/figure>\n\n\n\n<p>Desde la Direcci\u00f3n de Epidemiolog\u00eda de la Provincia aclararon: &#8220;No es la nueva variante, es un caso de la viruela s\u00edmica que tenemos espor\u00e1dicamente desde 2022. La nueva variante est\u00e1 a\u00fan en \u00c1frica&#8221;.<\/p>\n\n\n\n<p>Tres de estos casos fueron confirmados en las SE 30 y 31, con edades que oscilan entre 23 y 38 a\u00f1os. Seg\u00fan el informe, los pacientes han presentado principalmente exantemas vesiculares en diversas \u00e1reas del cuerpo, como los genitales, regi\u00f3n perianal, manos y torso, adem\u00e1s de fiebre y mialgias. No se han registrado muertes.<\/p>\n\n\n\n<figure class=\"wp-block-image\"><img decoding=\"async\" src=\"https:\/\/www.diarioepoca.com\/content\/bucket\/6\/1381366w380h199c.jpg.webp\" alt=\"\"\/><\/figure>\n\n\n\n<p>La Organizaci\u00f3n Mundial de la Salud (OMS) declar\u00f3 al virus Mpox, conocido como viruela del mono, como un evento de salud p\u00fablica internacional, por lo que el Gobierno Nacional reforz\u00f3 las medidas de prevenci\u00f3n y los controles en todos los puntos fronterizos para identificar r\u00e1pidamente casos sospechosos y evitar su propagaci\u00f3n, sobre todo tras la identificaci\u00f3n de la nueva variante del virus: clado 1, que es m\u00e1s peligrosa y contagiosa.<\/p>\n","protected":false},"excerpt":{"rendered":"<p>Desde la cartera sanitaria de Corrientes siguen las instrucciones de la Organizaci\u00f3n Mundial de la Salud. Alfredo Revidatti, coordinador de Pol\u00edticas Hospitalarias, brind\u00f3 recomendaciones a la poblaci\u00f3n. Las autoridades sanitarias&hellip; <\/p>\n","protected":false},"author":3,"featured_media":162977,"comment_status":"closed","ping_status":"open","sticky":false,"template":"","format":"standard","meta":{"footnotes":""},"categories":[16],"tags":[],"class_list":["post-162967","post","type-post","status-publish","format-standard","has-post-thumbnail","hentry","category-bienestar-y-salud"],"_links":{"self":[{"href":"https:\/\/corrientesdetarde.com\/index.php\/wp-json\/wp\/v2\/posts\/162967","targetHints":{"allow":["GET"]}}],"collection":[{"href":"https:\/\/corrientesdetarde.com\/index.php\/wp-json\/wp\/v2\/posts"}],"about":[{"href":"https:\/\/corrientesdetarde.com\/index.php\/wp-json\/wp\/v2\/types\/post"}],"author":[{"embeddable":true,"href":"https:\/\/corrientesdetarde.com\/index.php\/wp-json\/wp\/v2\/users\/3"}],"replies":[{"embeddable":true,"href":"https:\/\/corrientesdetarde.com\/index.php\/wp-json\/wp\/v2\/comments?post=162967"}],"version-history":[{"count":1,"href":"https:\/\/corrientesdetarde.com\/index.php\/wp-json\/wp\/v2\/posts\/162967\/revisions"}],"predecessor-version":[{"id":162998,"href":"https:\/\/corrientesdetarde.com\/index.php\/wp-json\/wp\/v2\/posts\/162967\/revisions\/162998"}],"wp:featuredmedia":[{"embeddable":true,"href":"https:\/\/corrientesdetarde.com\/index.php\/wp-json\/wp\/v2\/media\/162977"}],"wp:attachment":[{"href":"https:\/\/corrientesdetarde.com\/index.php\/wp-json\/wp\/v2\/media?parent=162967"}],"wp:term":[{"taxonomy":"category","embeddable":true,"href":"https:\/\/corrientesdetarde.com\/index.php\/wp-json\/wp\/v2\/categories?post=162967"},{"taxonomy":"post_tag","embeddable":true,"href":"https:\/\/corrientesdetarde.com\/index.php\/wp-json\/wp\/v2\/tags?post=162967"}],"curies":[{"name":"wp","href":"https:\/\/api.w.org\/{rel}","templated":true}]}}