{"id":163028,"date":"2024-08-31T09:51:24","date_gmt":"2024-08-31T12:51:24","guid":{"rendered":"https:\/\/corrientesdetarde.com\/?p=163028"},"modified":"2024-08-31T12:11:43","modified_gmt":"2024-08-31T15:11:43","slug":"liga-profesional-velez-busca-seguir-en-la-punta-boca-recibe-a-central","status":"publish","type":"post","link":"https:\/\/corrientesdetarde.com\/index.php\/deportes\/liga-profesional-velez-busca-seguir-en-la-punta-boca-recibe-a-central\/","title":{"rendered":"LIGA PROFESIONAL: VELEZ BUSCA SEGUIR EN LA PUNTA, BOCA RECIBE A CENTRAL"},"content":{"rendered":"\n<figure class=\"wp-block-embed is-type-video is-provider-youtube wp-block-embed-youtube wp-embed-aspect-16-9 wp-has-aspect-ratio\"><div class=\"wp-block-embed__wrapper\">\n<iframe loading=\"lazy\" title=\"FECHA CON LLUVIA DE SANTA ROSA\" width=\"1110\" height=\"624\" src=\"https:\/\/www.youtube.com\/embed\/Ivx_-Sa4C64?feature=oembed\" frameborder=\"0\" allow=\"accelerometer; autoplay; clipboard-write; encrypted-media; gyroscope; picture-in-picture; web-share\" referrerpolicy=\"strict-origin-when-cross-origin\" allowfullscreen><\/iframe>\n<\/div><\/figure>\n\n\n\n<h2 class=\"wp-block-heading\">El fort\u00edn se mide esta tarde a la lepra mendocina. Boca busca levantar ante Central.<\/h2>\n\n\n\n<p>(Corresponsal\u00eda Buenos Aires)La decimotercer fecha de la Liga Profesional del f\u00fatbol argentino continuar\u00e1 este s\u00e1bado con cinco encuentros.<\/p>\n\n\n\n<p>En primer turno, desde las 15 horas, Newell&#8217;s buscar\u00e1 hacer valer el punto conseguido ante River en el Monumental cuando reciba a un Belgrano de C\u00f3rdoba todav\u00eda golpeado por la reciente eliminaci\u00f3n de la Copa Sudamericana. Simult\u00e1neamente, Defensa y Justicia y Barracas Central se medir\u00e1n en Varela, ambos intentando salir del fondo de la tabla tras sendas flojas campa\u00f1as.<\/p>\n\n\n\n<p>Posteriormente, a partir de las 18 horas, Velez Sarsfield intentar\u00e1 extender su buen momento y el liderato en la punta del certamen ante un Independiente Rivadavia que lleva cuatro fechas sin conocer la victoria. Al mismo tiempo se estar\u00e1 disputando en C\u00f3rdoba el duelo entre Talleres y Estudiantes de La Plata.<\/p>\n\n\n\n<p>Finalmente la jornada futbolera del d\u00eda se cerrar\u00e1 en la Bombonera con el partido entre Boca Juniors y Rosario Central a las 21 horas, en un encuentro de equipos recientemente eliminados de copa continental que ir\u00e1n por los tres puntos para no perderle pisada a los l\u00edderes.<\/p>\n","protected":false},"excerpt":{"rendered":"<p>El fort\u00edn se mide esta tarde a la lepra mendocina. Boca busca levantar ante Central. (Corresponsal\u00eda Buenos Aires)La decimotercer fecha de la Liga Profesional del f\u00fatbol argentino continuar\u00e1 este s\u00e1bado&hellip; <\/p>\n","protected":false},"author":11,"featured_media":163029,"comment_status":"closed","ping_status":"open","sticky":false,"template":"","format":"standard","meta":{"footnotes":""},"categories":[4],"tags":[2021,119,1144,2189,2187,1131,2105],"class_list":["post-163028","post","type-post","status-publish","format-standard","has-post-thumbnail","hentry","category-deportes","tag-belgrano-de-cordoba","tag-boca","tag-defensa-y-justicia","tag-horarios-tv","tag-liga-de-futbol","tag-liga-profesional","tag-newells"],"_links":{"self":[{"href":"https:\/\/corrientesdetarde.com\/index.php\/wp-json\/wp\/v2\/posts\/163028","targetHints":{"allow":["GET"]}}],"collection":[{"href":"https:\/\/corrientesdetarde.com\/index.php\/wp-json\/wp\/v2\/posts"}],"about":[{"href":"https:\/\/corrientesdetarde.com\/index.php\/wp-json\/wp\/v2\/types\/post"}],"author":[{"embeddable":true,"href":"https:\/\/corrientesdetarde.com\/index.php\/wp-json\/wp\/v2\/users\/11"}],"replies":[{"embeddable":true,"href":"https:\/\/corrientesdetarde.com\/index.php\/wp-json\/wp\/v2\/comments?post=163028"}],"version-history":[{"count":3,"href":"https:\/\/corrientesdetarde.com\/index.php\/wp-json\/wp\/v2\/posts\/163028\/revisions"}],"predecessor-version":[{"id":163068,"href":"https:\/\/corrientesdetarde.com\/index.php\/wp-json\/wp\/v2\/posts\/163028\/revisions\/163068"}],"wp:featuredmedia":[{"embeddable":true,"href":"https:\/\/corrientesdetarde.com\/index.php\/wp-json\/wp\/v2\/media\/163029"}],"wp:attachment":[{"href":"https:\/\/corrientesdetarde.com\/index.php\/wp-json\/wp\/v2\/media?parent=163028"}],"wp:term":[{"taxonomy":"category","embeddable":true,"href":"https:\/\/corrientesdetarde.com\/index.php\/wp-json\/wp\/v2\/categories?post=163028"},{"taxonomy":"post_tag","embeddable":true,"href":"https:\/\/corrientesdetarde.com\/index.php\/wp-json\/wp\/v2\/tags?post=163028"}],"curies":[{"name":"wp","href":"https:\/\/api.w.org\/{rel}","templated":true}]}}