{"id":163042,"date":"2024-08-31T11:01:11","date_gmt":"2024-08-31T14:01:11","guid":{"rendered":"https:\/\/corrientesdetarde.com\/?p=163042"},"modified":"2024-08-31T11:01:12","modified_gmt":"2024-08-31T14:01:12","slug":"los-combustibles-vuelven-a-aumentar-este-domingo","status":"publish","type":"post","link":"https:\/\/corrientesdetarde.com\/index.php\/economia\/los-combustibles-vuelven-a-aumentar-este-domingo\/","title":{"rendered":"Los combustibles vuelven a aumentar este domingo"},"content":{"rendered":"\n<p>El incremento responde a un nuevo diferimiento en el impuesto a los combustibles l\u00edquidos (ICL) y el traslado de la devaluaci\u00f3n. En lo que va del a\u00f1o la suba fue del 85 por ciento.\u00a0<\/p>\n\n\n\n<p>La nafta y el gasoil aumentar\u00e1n desde el domingo 1 de agosto un 3% promedio a nivel nacional, seg\u00fan confirmaron a Infobae fuentes del mercado. El incremento que aplicar\u00e1n las refinadoras -YPF, Shell, Axion y Puma- contendr\u00e1 el traslado al precio final de la devaluaci\u00f3n mensual del peso frente al d\u00f3lar oficial, del 2%, y una actualizaci\u00f3n del 1% en el impuesto a los combustibles l\u00edquidos (ICL).<\/p>\n\n\n\n<p>En lo que va del a\u00f1o los combustibles tuvieron un incremento superior al 85%, en el marco del ajuste que aplic\u00f3 el gobierno de Javier Milei sobre el ICL y las subas que se habilitaron a las petroleras despu\u00e9s de casi cuatro a\u00f1os de virtual congelamiento.<\/p>\n\n\n\n<p>Con el incremento de este domingo, la nafta s\u00faper de YPF, l\u00edder local con cerca del 60% del mercado, pasar\u00e1 en la Ciudad Aut\u00f3noma de Buenos Aires (CABA) de $941 a $1.021 por litro seg\u00fan los precios reportados en el portal Surtidores. En tanto, la nafta premium saltar\u00eda de $ 1.226 a $ 1.263 por litro (las cifras est\u00e1n calculadas con 3% de suba).<\/p>\n","protected":false},"excerpt":{"rendered":"<p>El incremento responde a un nuevo diferimiento en el impuesto a los combustibles l\u00edquidos (ICL) y el traslado de la devaluaci\u00f3n. En lo que va del a\u00f1o la suba fue&hellip; <\/p>\n","protected":false},"author":3,"featured_media":163054,"comment_status":"closed","ping_status":"open","sticky":false,"template":"","format":"standard","meta":{"footnotes":""},"categories":[20],"tags":[],"class_list":["post-163042","post","type-post","status-publish","format-standard","has-post-thumbnail","hentry","category-economia"],"_links":{"self":[{"href":"https:\/\/corrientesdetarde.com\/index.php\/wp-json\/wp\/v2\/posts\/163042","targetHints":{"allow":["GET"]}}],"collection":[{"href":"https:\/\/corrientesdetarde.com\/index.php\/wp-json\/wp\/v2\/posts"}],"about":[{"href":"https:\/\/corrientesdetarde.com\/index.php\/wp-json\/wp\/v2\/types\/post"}],"author":[{"embeddable":true,"href":"https:\/\/corrientesdetarde.com\/index.php\/wp-json\/wp\/v2\/users\/3"}],"replies":[{"embeddable":true,"href":"https:\/\/corrientesdetarde.com\/index.php\/wp-json\/wp\/v2\/comments?post=163042"}],"version-history":[{"count":1,"href":"https:\/\/corrientesdetarde.com\/index.php\/wp-json\/wp\/v2\/posts\/163042\/revisions"}],"predecessor-version":[{"id":163060,"href":"https:\/\/corrientesdetarde.com\/index.php\/wp-json\/wp\/v2\/posts\/163042\/revisions\/163060"}],"wp:featuredmedia":[{"embeddable":true,"href":"https:\/\/corrientesdetarde.com\/index.php\/wp-json\/wp\/v2\/media\/163054"}],"wp:attachment":[{"href":"https:\/\/corrientesdetarde.com\/index.php\/wp-json\/wp\/v2\/media?parent=163042"}],"wp:term":[{"taxonomy":"category","embeddable":true,"href":"https:\/\/corrientesdetarde.com\/index.php\/wp-json\/wp\/v2\/categories?post=163042"},{"taxonomy":"post_tag","embeddable":true,"href":"https:\/\/corrientesdetarde.com\/index.php\/wp-json\/wp\/v2\/tags?post=163042"}],"curies":[{"name":"wp","href":"https:\/\/api.w.org\/{rel}","templated":true}]}}