{"id":163044,"date":"2024-08-31T11:01:09","date_gmt":"2024-08-31T14:01:09","guid":{"rendered":"https:\/\/corrientesdetarde.com\/?p=163044"},"modified":"2024-08-31T11:01:11","modified_gmt":"2024-08-31T14:01:11","slug":"la-universidad-de-la-cuenca-del-plata-invita-a-una-jornada-academica-sobre-la-etica-profesional","status":"publish","type":"post","link":"https:\/\/corrientesdetarde.com\/index.php\/educacion\/la-universidad-de-la-cuenca-del-plata-invita-a-una-jornada-academica-sobre-la-etica-profesional\/","title":{"rendered":"La Universidad de la Cuenca del Plata invita a una Jornada Acad\u00e9mica sobre &#8220;La \u00c9tica Profesional&#8221;"},"content":{"rendered":"\n<p>La Universidad de la Cuenca del Plata invita a toda la comunidad a participar de la Jornada Acad\u00e9mica titulada &#8220;Los Desaf\u00edos de la Universidad en la Construcci\u00f3n de una \u00c9tica Profesional&#8221;. Este evento se llevar\u00e1 a cabo el pr\u00f3ximo viernes 6 de septiembre a partir de las 18:00hs, en modalidad mixta: presencial en el auditorio \u00c1ngel Rodriguez, sede Corrientes (Lavalle 50), y virtual a trav\u00e9s de plataformas digitales para las sedes y delegaciones regionales<\/p>\n\n\n\n<p>Esta jornada se enmarca dentro del tercer homenaje acad\u00e9mico al rector fundador, Mgtr. \u00c1ngel Rodr\u00edguez, y contar\u00e1 con una serie de actividades dise\u00f1adas para profundizar en temas de gran relevancia para la educaci\u00f3n superior y la \u00e9tica profesional.<\/p>\n\n\n\n<p>Programa de la Jornada:<\/p>\n\n\n\n<p>\u00b7 &nbsp;Conferencia Inaugural: La Rectora Mgtr. Florencia Rodriguez disertar\u00e1 sobre &#8220;El Impacto de los Discursos Extremos y las Redes Sociales en los Estudiantes Universitarios&#8221;. Su conferencia abordar\u00e1 la influencia de las redes sociales en la formaci\u00f3n \u00e9tica y profesional de los estudiantes.<\/p>\n\n\n\n<p>\u00b7 &nbsp;Ponencia Especial: El Decano de la Facultad de Ciencias Jur\u00eddicas y Pol\u00edticas, Abogado An\u00edbal Gronda, presentar\u00e1 su exposici\u00f3n titulada &#8220;La Educaci\u00f3n Superior en Valores: De la Construcci\u00f3n de una \u00c9tica Profesional al Desarrollo de una Ciudadan\u00eda Democr\u00e1tica&#8221;, enfoc\u00e1ndose en c\u00f3mo la educaci\u00f3n superior &nbsp;fomenta valores que fortalecen la democracia.<\/p>\n\n\n\n<p>\u00b7 &nbsp;Mesa Redonda: Se desarrollar\u00e1 una mesa redonda con la tem\u00e1tica &#8220;\u00bfEst\u00e1n en riesgo las Democracias del S. XXI?: Los Autoritarismos en Latinoam\u00e9rica&#8221;. En ella, docentes y gestores de la universidad, seleccionados a trav\u00e9s de una convocatoria interna, presentar\u00e1n ensayos sobre Perspectiva Hist\u00f3rica Contempor\u00e1nea, Panorama Actual y Las Democracias Autoritarias en Latinoam\u00e9rica.<\/p>\n\n\n\n<p>\u00b7 &nbsp;Foro Abierto &#8220;Reconfiguraciones&#8221;: Finalmente, se llevar\u00e1 a cabo un foro abierto con la participaci\u00f3n de docentes y estudiantes de las distintas sedes y delegaciones regionales. Los temas a tratar ser\u00e1n &#8220;Un Nuevo Proyecto Democr\u00e1tico para el S. XXI&#8221; y &#8220;Configurando una Nueva Ciudadan\u00eda para el S. XXI&#8221;.<\/p>\n\n\n\n<p>La Universidad de la Cuenca del Plata invita a participar en dicha jornada acad\u00e9mica y contribuir a la reflexi\u00f3n sobre la \u00e9tica profesional y la construcci\u00f3n de una ciudadan\u00eda democr\u00e1tica en tiempos de desaf\u00edos globales.<\/p>\n\n\n\n<p>Para inscripciones y acceso al programa completo de la jornada; podr\u00e1n ingresar al enlace&nbsp;<a href=\"https:\/\/www.ucp.edu.ar\/homenaje2024\/\">https:\/\/www.ucp.edu.ar\/homenaje2024\/<\/a>Previous<\/p>\n\n\n\n<figure class=\"wp-block-image\"><img decoding=\"async\" src=\"https:\/\/www.diarioepoca.com\/content\/bucket\/2\/1381382h720.png.webp\" alt=\"Redes sin desliza_Feed 1.png\"\/><\/figure>\n\n\n\n<figure class=\"wp-block-image\"><img decoding=\"async\" src=\"https:\/\/www.diarioepoca.com\/content\/bucket\/3\/1381383h720.png.webp\" alt=\"Redes_Feed 2.png\"\/><\/figure>\n\n\n\n<figure class=\"wp-block-image\"><img decoding=\"async\" src=\"https:\/\/www.diarioepoca.com\/content\/bucket\/4\/1381384h720.png.webp\" alt=\"Redes_Feed 4.png\"\/><\/figure>\n\n\n\n<figure class=\"wp-block-image\"><img decoding=\"async\" src=\"https:\/\/www.diarioepoca.com\/content\/bucket\/5\/1381385h720.png.webp\" alt=\"Redes_Feed 3.png\"\/><\/figure>\n\n\n\n<p>Next<\/p>\n","protected":false},"excerpt":{"rendered":"<p>La Universidad de la Cuenca del Plata invita a toda la comunidad a participar de la Jornada Acad\u00e9mica titulada &#8220;Los Desaf\u00edos de la Universidad en la Construcci\u00f3n de una \u00c9tica&hellip; <\/p>\n","protected":false},"author":3,"featured_media":163053,"comment_status":"closed","ping_status":"open","sticky":false,"template":"","format":"standard","meta":{"footnotes":""},"categories":[32],"tags":[],"class_list":["post-163044","post","type-post","status-publish","format-standard","has-post-thumbnail","hentry","category-educacion"],"_links":{"self":[{"href":"https:\/\/corrientesdetarde.com\/index.php\/wp-json\/wp\/v2\/posts\/163044","targetHints":{"allow":["GET"]}}],"collection":[{"href":"https:\/\/corrientesdetarde.com\/index.php\/wp-json\/wp\/v2\/posts"}],"about":[{"href":"https:\/\/corrientesdetarde.com\/index.php\/wp-json\/wp\/v2\/types\/post"}],"author":[{"embeddable":true,"href":"https:\/\/corrientesdetarde.com\/index.php\/wp-json\/wp\/v2\/users\/3"}],"replies":[{"embeddable":true,"href":"https:\/\/corrientesdetarde.com\/index.php\/wp-json\/wp\/v2\/comments?post=163044"}],"version-history":[{"count":1,"href":"https:\/\/corrientesdetarde.com\/index.php\/wp-json\/wp\/v2\/posts\/163044\/revisions"}],"predecessor-version":[{"id":163059,"href":"https:\/\/corrientesdetarde.com\/index.php\/wp-json\/wp\/v2\/posts\/163044\/revisions\/163059"}],"wp:featuredmedia":[{"embeddable":true,"href":"https:\/\/corrientesdetarde.com\/index.php\/wp-json\/wp\/v2\/media\/163053"}],"wp:attachment":[{"href":"https:\/\/corrientesdetarde.com\/index.php\/wp-json\/wp\/v2\/media?parent=163044"}],"wp:term":[{"taxonomy":"category","embeddable":true,"href":"https:\/\/corrientesdetarde.com\/index.php\/wp-json\/wp\/v2\/categories?post=163044"},{"taxonomy":"post_tag","embeddable":true,"href":"https:\/\/corrientesdetarde.com\/index.php\/wp-json\/wp\/v2\/tags?post=163044"}],"curies":[{"name":"wp","href":"https:\/\/api.w.org\/{rel}","templated":true}]}}