{"id":163276,"date":"2024-09-01T21:31:07","date_gmt":"2024-09-02T00:31:07","guid":{"rendered":"https:\/\/corrientesdetarde.com\/?p=163276"},"modified":"2024-09-01T21:31:10","modified_gmt":"2024-09-02T00:31:10","slug":"un-delincuente-arrebato-un-celular-en-una-moto-robada","status":"publish","type":"post","link":"https:\/\/corrientesdetarde.com\/index.php\/policiales\/un-delincuente-arrebato-un-celular-en-una-moto-robada\/","title":{"rendered":"Un delincuente arrebat\u00f3 un celular en una moto robada."},"content":{"rendered":"\n<h2 class=\"wp-block-heading\">El delincuente sorprendi\u00f3 a una mujer en la calle. La v\u00edctima pidi\u00f3 auxilio y polic\u00edas motorizados fueron detr\u00e1s del autor del il\u00edcito. Luego de recorrer cinco barrios, el ladr\u00f3n descart\u00f3 el veh\u00edculo y huy\u00f3 a un complejo de monoblocks. Allanamientos por otros delitos.<\/h2>\n\n\n\n<p>Un delincuente cometi\u00f3 el arrebato de un tel\u00e9fono celular utilizando una motocicleta robada d\u00edas antes en la misma zona en la que, finalmente, la dej\u00f3 abandonada para continuar la fuga a pie, entre medio de un complejo de monoblocks.<\/p>\n\n\n\n<p>Despu\u00e9s del robo callejero sucedido el viernes a la siesta, la persecuci\u00f3n policial al motochorro abarc\u00f3 al menos cinco barrios, precisaron a \u00e9poca fuentes oficiales.<\/p>\n\n\n\n<p>Si bien no pudieron identificar al malviviente fue posible recuperar el veh\u00edculo.<\/p>\n\n\n\n<p>El rodado que figura mencionado en una denuncia penal ser\u00e1 reintegrado a su due\u00f1o leg\u00edtimo.<\/p>\n\n\n\n<p>Anteayer, alrededor de las 13:30, una joven caminaba en calle Lisandro Segovia casi General Paz del barrio Sur cuando de repente un hombre en moto, con casco colocado, le quit\u00f3 el celular de la mano.<\/p>\n\n\n\n<p>A una cuadra estaban efectivos del Comando de Patrulla Motorizada que finalizaban de participar en un operativo conjunto de prevenci\u00f3n y vieron pasar en esa esquina al motochorro, a alta velocidad, y atr\u00e1s suyo a la damnificada que ped\u00eda auxilio.<\/p>\n\n\n\n<p>Desde ese momento iniciaron la persecuci\u00f3n que se extendi\u00f3 hacia los barrios P\u00edo X, Juan XXIII, Patono y culmin\u00f3 en avenida El Maestro, entre los barrio Islas Malvinas y General San Mart\u00edn.<\/p>\n\n\n\n<p>Cuando lleg\u00f3 a la zona de monoblocks el fugitivo salt\u00f3 de la moto y corri\u00f3 sobre los pasillos hasta que lo perdieron de vista.<\/p>\n\n\n\n<p>Durante el seguimiento sobre moto patrullas los polic\u00edas evitaron chocar contra otros veh\u00edculos.<\/p>\n\n\n\n<p>El motochorro cruz\u00f3 todas las esquinas a alta velocidad poniendo su vida y la de terceros en peligro.<\/p>\n\n\n\n<p>Al final, el arrebatador abandon\u00f3 la Honda Wave negra sobre la cual circulaba a pocos metros del monoblock identificado con el n\u00famero 43.<\/p>\n\n\n\n<p>Los polic\u00edas realizaron el secuestro preventivo de la moto y m\u00e1s tarde constataron que figura como robada, seg\u00fan denuncia asentada en la comisar\u00eda seccional S\u00e9ptima.<\/p>\n\n\n\n<p>El tambor de ignici\u00f3n se encuentra violentado al igual que la baulera.<\/p>\n\n\n\n<p>&#8220;Podr\u00eda tratarse de un delincuente que vive en el complejo de viviendas. No pudieron reconocerlo porque en ning\u00fan momento se quit\u00f3 el casco&#8221;, a\u00f1adieron las fuentes.<\/p>\n\n\n\n<h2 class=\"wp-block-heading\">&#8220;Serial&#8221;<\/h2>\n\n\n\n<p>Ayer, autoridades de la comisar\u00eda S\u00e9ptima detuvieron a un joven sindicado como un &#8220;arrebatador serial&#8221;. Se trata de Pablo T., a quien localizaron durante en el barrio P\u00edo X.<\/p>\n\n\n\n<p>Pablo T. habr\u00eda cometido il\u00edcitos en la v\u00eda p\u00fablica, siempre en cerca de la avenida Cuarto Centenario.<\/p>\n\n\n\n<p>La captura de este sujeto se dio en contexto de una serie de allanamientos vinculados a tres causas diferentes: una por abuso de arma y lesiones; otra por robo calificado y la restante por robo bajo modalidad arrebato.<\/p>\n\n\n\n<p>Pablo T. ser\u00eda responsable de uno de esos il\u00edcitos y adem\u00e1s qued\u00f3 vinculado a un proceso judicial por atentado y resistencia a la autoridad.<\/p>\n\n\n\n<p>Si bien esperaban localizar a un hombre que bale\u00f3 a su t\u00edo durante un incidente en el play\u00f3n de estacionamiento cercano a la esquina de avenida Paysand\u00fa y Rafaela, registrado el martes a la siesta, y del autor de un asalto, no pudieron dar con ellos.<\/p>\n\n\n\n<p>Los allanamientos fueron concretados en el P\u00edo X, Progreso y General San Mart\u00edn.<\/p>\n\n\n\n<p>La S\u00e9ptima cont\u00f3 con la colaboraci\u00f3n del Grupo de Intervenci\u00f3n R\u00e1pida, Infanter\u00eda, Destacamento San Marcos y Divisi\u00f3n Antiarrebatos.<\/p>\n","protected":false},"excerpt":{"rendered":"<p>El delincuente sorprendi\u00f3 a una mujer en la calle. La v\u00edctima pidi\u00f3 auxilio y polic\u00edas motorizados fueron detr\u00e1s del autor del il\u00edcito. Luego de recorrer cinco barrios, el ladr\u00f3n descart\u00f3&hellip; <\/p>\n","protected":false},"author":6,"featured_media":163280,"comment_status":"closed","ping_status":"open","sticky":false,"template":"","format":"standard","meta":{"footnotes":""},"categories":[33],"tags":[],"class_list":["post-163276","post","type-post","status-publish","format-standard","has-post-thumbnail","hentry","category-policiales"],"_links":{"self":[{"href":"https:\/\/corrientesdetarde.com\/index.php\/wp-json\/wp\/v2\/posts\/163276","targetHints":{"allow":["GET"]}}],"collection":[{"href":"https:\/\/corrientesdetarde.com\/index.php\/wp-json\/wp\/v2\/posts"}],"about":[{"href":"https:\/\/corrientesdetarde.com\/index.php\/wp-json\/wp\/v2\/types\/post"}],"author":[{"embeddable":true,"href":"https:\/\/corrientesdetarde.com\/index.php\/wp-json\/wp\/v2\/users\/6"}],"replies":[{"embeddable":true,"href":"https:\/\/corrientesdetarde.com\/index.php\/wp-json\/wp\/v2\/comments?post=163276"}],"version-history":[{"count":1,"href":"https:\/\/corrientesdetarde.com\/index.php\/wp-json\/wp\/v2\/posts\/163276\/revisions"}],"predecessor-version":[{"id":163281,"href":"https:\/\/corrientesdetarde.com\/index.php\/wp-json\/wp\/v2\/posts\/163276\/revisions\/163281"}],"wp:featuredmedia":[{"embeddable":true,"href":"https:\/\/corrientesdetarde.com\/index.php\/wp-json\/wp\/v2\/media\/163280"}],"wp:attachment":[{"href":"https:\/\/corrientesdetarde.com\/index.php\/wp-json\/wp\/v2\/media?parent=163276"}],"wp:term":[{"taxonomy":"category","embeddable":true,"href":"https:\/\/corrientesdetarde.com\/index.php\/wp-json\/wp\/v2\/categories?post=163276"},{"taxonomy":"post_tag","embeddable":true,"href":"https:\/\/corrientesdetarde.com\/index.php\/wp-json\/wp\/v2\/tags?post=163276"}],"curies":[{"name":"wp","href":"https:\/\/api.w.org\/{rel}","templated":true}]}}