{"id":163282,"date":"2024-09-01T21:33:03","date_gmt":"2024-09-02T00:33:03","guid":{"rendered":"https:\/\/corrientesdetarde.com\/?p=163282"},"modified":"2024-09-01T21:33:07","modified_gmt":"2024-09-02T00:33:07","slug":"una-mujer-encontro-a-un-ladron-en-su-patio","status":"publish","type":"post","link":"https:\/\/corrientesdetarde.com\/index.php\/policiales\/una-mujer-encontro-a-un-ladron-en-su-patio\/","title":{"rendered":"Una mujer encontr\u00f3 a un ladr\u00f3n en su patio."},"content":{"rendered":"\n<h2 class=\"wp-block-heading\">La Polic\u00eda detuvo a un delincuente que ingres\u00f3 al patio de una casa con fines de robo, pero mientras buscaba distintos objetos fue descubierto por la propietaria, quien alert\u00f3 a las autoridades.<\/h2>\n\n\n\n<p>Apenas not\u00f3 que llegaba un patrullero, el ladr\u00f3n salt\u00f3 un muro y corri\u00f3 hacia un descampado; lo encontraron a pesar de los esfuerzos en tratar de esconderse.<\/p>\n\n\n\n<p>La desagradable situaci\u00f3n para la due\u00f1a de la vivienda se produjo alrededor de las 2:45. A esa hora escuch\u00f3 algunos ruidos extra\u00f1os provenientes del patio trasero.<\/p>\n\n\n\n<p>A trav\u00e9s de una ventana not\u00f3 la figura de un extra\u00f1o. Era un maleante que entr\u00f3 luego de escalar una pared.<\/p>\n\n\n\n<p>Justo a esa hora hab\u00eda un control de tr\u00e1nsito a poca distancia en el cual colaboraban efectivos del Grupo de Respuesta Inmediata Motorizada 4.<\/p>\n\n\n\n<p>La mujer sali\u00f3 de la vivienda a solicitar ayuda. Entonces acudieron dos polic\u00edas en motos acudieron al domicilio indicado y apenas frenaron observaron el salto del malhechor hacia la calle.<\/p>\n\n\n\n<p>El sujeto corri\u00f3 hasta ingresar a un terreno descampado mientras los efectivos iban tras \u00e9l. Luego de un rato lograron su detenci\u00f3n.<\/p>\n\n\n\n<figure class=\"wp-block-image\"><img decoding=\"async\" src=\"https:\/\/www.diarioepoca.com\/content\/bucket\/1\/1381651w380h329c.jpg.webp\" alt=\"\"\/><\/figure>\n\n\n\n<p>Las autoridades explicaron que el ladr\u00f3n detenido responde a la identidad de Jonathan Daniel M., de 24 a\u00f1os, domiciliado en el barrio Universitario.<\/p>\n\n\n\n<p>Por otra parte, el due\u00f1o de una bicicleta forceje\u00f3 con un maleante que intent\u00f3 rob\u00e1rsela y en medio del enfrentamiento lleg\u00f3 la Polic\u00eda.<\/p>\n\n\n\n<p>La tentativa de robo se produjo a las 10:15 en la esquina de avenida Sarmiento y Rafaela, a pocos metros del anfiteatro Mario del Tr\u00e1nsito Cocomarola.<\/p>\n\n\n\n<p>Jonatan Ezequiel S. pretend\u00eda escapar sobre una TopMega negra propiedad de un hombre que logr\u00f3 darle alcance. Entre ambos, entonces, comenz\u00f3 una lucha que finaliz\u00f3 al llegar una patrulla con efectivos que redujeron al acusado en el il\u00edcito.<\/p>\n","protected":false},"excerpt":{"rendered":"<p>La Polic\u00eda detuvo a un delincuente que ingres\u00f3 al patio de una casa con fines de robo, pero mientras buscaba distintos objetos fue descubierto por la propietaria, quien alert\u00f3 a&hellip; <\/p>\n","protected":false},"author":6,"featured_media":163283,"comment_status":"closed","ping_status":"open","sticky":false,"template":"","format":"standard","meta":{"footnotes":""},"categories":[33],"tags":[],"class_list":["post-163282","post","type-post","status-publish","format-standard","has-post-thumbnail","hentry","category-policiales"],"_links":{"self":[{"href":"https:\/\/corrientesdetarde.com\/index.php\/wp-json\/wp\/v2\/posts\/163282","targetHints":{"allow":["GET"]}}],"collection":[{"href":"https:\/\/corrientesdetarde.com\/index.php\/wp-json\/wp\/v2\/posts"}],"about":[{"href":"https:\/\/corrientesdetarde.com\/index.php\/wp-json\/wp\/v2\/types\/post"}],"author":[{"embeddable":true,"href":"https:\/\/corrientesdetarde.com\/index.php\/wp-json\/wp\/v2\/users\/6"}],"replies":[{"embeddable":true,"href":"https:\/\/corrientesdetarde.com\/index.php\/wp-json\/wp\/v2\/comments?post=163282"}],"version-history":[{"count":1,"href":"https:\/\/corrientesdetarde.com\/index.php\/wp-json\/wp\/v2\/posts\/163282\/revisions"}],"predecessor-version":[{"id":163286,"href":"https:\/\/corrientesdetarde.com\/index.php\/wp-json\/wp\/v2\/posts\/163282\/revisions\/163286"}],"wp:featuredmedia":[{"embeddable":true,"href":"https:\/\/corrientesdetarde.com\/index.php\/wp-json\/wp\/v2\/media\/163283"}],"wp:attachment":[{"href":"https:\/\/corrientesdetarde.com\/index.php\/wp-json\/wp\/v2\/media?parent=163282"}],"wp:term":[{"taxonomy":"category","embeddable":true,"href":"https:\/\/corrientesdetarde.com\/index.php\/wp-json\/wp\/v2\/categories?post=163282"},{"taxonomy":"post_tag","embeddable":true,"href":"https:\/\/corrientesdetarde.com\/index.php\/wp-json\/wp\/v2\/tags?post=163282"}],"curies":[{"name":"wp","href":"https:\/\/api.w.org\/{rel}","templated":true}]}}