{"id":163301,"date":"2024-09-02T07:18:57","date_gmt":"2024-09-02T10:18:57","guid":{"rendered":"https:\/\/corrientesdetarde.com\/?p=163301"},"modified":"2024-09-02T07:19:01","modified_gmt":"2024-09-02T10:19:01","slug":"los-combustibles-de-ypf-ya-acumulan-aqui-un-alza-del-764","status":"publish","type":"post","link":"https:\/\/corrientesdetarde.com\/index.php\/economia\/los-combustibles-de-ypf-ya-acumulan-aqui-un-alza-del-764\/","title":{"rendered":"Los combustibles de YPF ya acumulan aqu\u00ed un alza del 76,4%"},"content":{"rendered":"\n<p>Los surtidores locales ayer amanecieron con un nuevo incremento, cuyo promedio en esta oportunidad fue del 3,8% en naftas y del 2% en Di\u00e9sel. Todas las petroleras actualizaron sus pizarras y luchan con la estatal para tener el precio de la S\u00faper m\u00e1s competitiva<a href=\"https:\/\/api.whatsapp.com\/send?text=Los%20combustibles%20de%20YPF%20ya%20acumulan%20aqu%C3%AD%20un%20alza%20del%2076,4%%20-%20https:\/\/www.diarioepoca.com\/1331097-los-combustibles-de-ypf-ya-acumulan-aqui-un-alza-del-764?utm_source=WhatsApp%26utm_medium=WhatsApp%26utm_campaign=WhatsApp%26utm_term=WhatsApp\" target=\"_blank\" rel=\"noreferrer noopener\"><\/a><a href=\"https:\/\/www.diarioepoca.com\/1331097-los-combustibles-de-ypf-ya-acumulan-aqui-un-alza-del-764#\"><\/a><a href=\"https:\/\/www.diarioepoca.com\/1331097-los-combustibles-de-ypf-ya-acumulan-aqui-un-alza-del-764#\"><\/a><\/p>\n\n\n\n<p>En el inicio de septiembre, los combustibles registraron una nueva suba y cumplieron con lo que ya es una constante en el a\u00f1o: incrementos mensuales en nafta y di\u00e9sel. Se trat\u00f3 del noveno incremento en el a\u00f1o y aqu\u00ed en Corrientes estuvo en el orden del 4% en las naftas y del 2% en di\u00e9sel, teniendo como gu\u00edas a los surtidores de YPF, atento a que la compa\u00f1\u00eda estatal agrupa casi el 58% de las ventas en el sector minorista.<\/p>\n\n\n\n<p>De este modo, los productos de YPF ofrecidos en esta capital ayer movieron as\u00ed sus importes: S\u00faper de 1.104 a 1.146 pesos (+44 pesos= 3,8%); Premium de 1.344 a 1.395 pesos (+51 pesos= 3,8 %); Di\u00e9sel Com\u00fan de 1.174 a 1.198 pesos (+24 pesos= 2%) y Di\u00e9sel Premium de 1.410 a 1.439 pesos (+29 pesos= 2%).<\/p>\n\n\n\n<p>En ese sentido, si se suman las nueve subas cumplimentadas en los surtidores locales durante lo que va de 2024 (3 de enero, 1 de febrero, 1 de marzo y 1 de abril, 1 de mayo, 1 de junio, 1 de julio, 1 de agosto y 1 de septiembre), el resultado refleja que los productos de la petrolera estatal ya acumulan un alza de 76,4%.<\/p>\n\n\n\n<p>A ese total se llega a sabiendas que el 1 de enero, un litro de S\u00faper de esa compa\u00f1\u00eda (el producto m\u00e1s vendido) costaba aqu\u00ed $639 y hoy en el octavo mes del a\u00f1o vale $1.146 (+$507=79,3%). La Premium inici\u00f3 el a\u00f1o a $779, su importe actual es de $1.395 (+$616=79%). El Di\u00e9sel 500 de $689 a $1.198 (+$509=73,8%) y el Di\u00e9sel Premium pas\u00f3 de 829 a 1.439 pesos (+$610=73,5%).<\/p>\n\n\n\n<p>Las dem\u00e1s compa\u00f1\u00edas tambi\u00e9n modificaron sus pizarras y, al menos hasta ayer, las competidoras de la estatal trataron de posicionar su S\u00faper en torno al mismo valor de YPF 1.146 pesos (ver foto de PUMA).<\/p>\n\n\n\n<figure class=\"wp-block-image\"><img decoding=\"async\" src=\"https:\/\/www.diarioepoca.com\/content\/bucket\/3\/1381753w380h526c.jpg.webp\" alt=\"\"\/><\/figure>\n\n\n\n<h2 class=\"wp-block-heading\">En todo el pa\u00eds<\/h2>\n\n\n\n<p>Tras el anuncio de la actualizaci\u00f3n de los impuestos espec\u00edficos que gravan la nafta y el gasoil, las compa\u00f1\u00edas petroleras dispusieron un aumento en los surtidores desde las 0 hora de hoy.<\/p>\n\n\n\n<p>Para reducir la brecha con el interior, la suba en los hidrocarburos fue mayor en Buenos Aires que en el resto de las regiones del pa\u00eds. Por citar un ejemplo, en C\u00f3rdoba, la nafta s\u00faper escal\u00f3 3,8%.<\/p>\n\n\n\n<p>La decisi\u00f3n de las empresas se sustenta adem\u00e1s de la carga impositiva, en el traslado al precio final de la devaluaci\u00f3n mensual del peso frente al d\u00f3lar oficial y la inflaci\u00f3n.<\/p>\n\n\n\n<figure class=\"wp-block-image\"><img decoding=\"async\" src=\"https:\/\/www.diarioepoca.com\/content\/bucket\/4\/1381754w380h526c.jpg.webp\" alt=\"\"\/><\/figure>\n\n\n\n<p>En lo que va del a\u00f1o, los combustibles, en el promedio federal, tuvieron un incremento superior al 85%, en el marco del ajuste que aplic\u00f3 el Gobierno de Javier Milei sobre los impuestos a los combustibles l\u00edquidos y ICL y las subas que se habilitaron a las petroleras despu\u00e9s de casi cuatro a\u00f1os de virtual congelamiento.<\/p>\n\n\n\n<p>En Ciudad de Buenos Aires los valores por litro en las Estaciones de Servicio YPF quedaron de la siguiente manera: Nafta S\u00faper: $1.059 (+6.75%). Nafta Premium: $1309 (6.75%). Gasoil: $1.084 (5%). Gas Oil Premium: $1.334 (1%).<\/p>\n\n\n\n<p>El Gobierno volvi\u00f3 a diferir en septiembre, al igual que lo hab\u00eda hecho en mayo, julio, julio y agosto, el incremento del ICL que estaba previsto en el Decreto 466\/2024 para evitar el impacto de los combustibles en el bolsillo de los consumidores y en el \u00edndice de inflaci\u00f3n. Es que este mes correspond\u00eda aplicar sobre el tributo un incremento correspondiente a la variaci\u00f3n del \u00cdndice de Precios al Consumidor (IPC) del INDEC correspondiente al \u00faltimo trimestre del 2023 y al de los dos primeros trimestres de 2024.<\/p>\n\n\n\n<p>El impuesto en la nafta deber\u00eda llegar a los $320 y faltan $130 para alcanzar ese objetivo, lo que llevar\u00eda la S\u00faper a la zona de los $1.190 solo por el componente impositivo. En el caso del gasoil deber\u00eda llegar a $200, por lo que faltan aplicar $90 que llevar\u00edan el litro a los $1.400 en la ciudad. &#8220;Como la inflaci\u00f3n es el objetivo a vencer se va atrasando un poco la actualizaci\u00f3n&#8221;, explicaron desde un despacho oficial.<\/p>\n\n\n\n<p>A modo estad\u00edstico, medios nacionales reflejaron que desde que asumi\u00f3 Javier Milei, el valor de los combustibles aument\u00f3 135% en los primeros siete meses del a\u00f1o, muy por arriba del 86% de inflaci\u00f3n acumulada. Esto se explica por el aumento de los impuestos al sector, que estaban congelados por el Gobierno anterior desde 2020 y por el atraso que ten\u00edan los precios anteriormente.<\/p>\n","protected":false},"excerpt":{"rendered":"<p>Los surtidores locales ayer amanecieron con un nuevo incremento, cuyo promedio en esta oportunidad fue del 3,8% en naftas y del 2% en Di\u00e9sel. Todas las petroleras actualizaron sus pizarras&hellip; <\/p>\n","protected":false},"author":12,"featured_media":163319,"comment_status":"closed","ping_status":"open","sticky":false,"template":"","format":"standard","meta":{"footnotes":""},"categories":[26,20],"tags":[],"class_list":["post-163301","post","type-post","status-publish","format-standard","has-post-thumbnail","hentry","category-destacados","category-economia"],"_links":{"self":[{"href":"https:\/\/corrientesdetarde.com\/index.php\/wp-json\/wp\/v2\/posts\/163301","targetHints":{"allow":["GET"]}}],"collection":[{"href":"https:\/\/corrientesdetarde.com\/index.php\/wp-json\/wp\/v2\/posts"}],"about":[{"href":"https:\/\/corrientesdetarde.com\/index.php\/wp-json\/wp\/v2\/types\/post"}],"author":[{"embeddable":true,"href":"https:\/\/corrientesdetarde.com\/index.php\/wp-json\/wp\/v2\/users\/12"}],"replies":[{"embeddable":true,"href":"https:\/\/corrientesdetarde.com\/index.php\/wp-json\/wp\/v2\/comments?post=163301"}],"version-history":[{"count":1,"href":"https:\/\/corrientesdetarde.com\/index.php\/wp-json\/wp\/v2\/posts\/163301\/revisions"}],"predecessor-version":[{"id":163320,"href":"https:\/\/corrientesdetarde.com\/index.php\/wp-json\/wp\/v2\/posts\/163301\/revisions\/163320"}],"wp:featuredmedia":[{"embeddable":true,"href":"https:\/\/corrientesdetarde.com\/index.php\/wp-json\/wp\/v2\/media\/163319"}],"wp:attachment":[{"href":"https:\/\/corrientesdetarde.com\/index.php\/wp-json\/wp\/v2\/media?parent=163301"}],"wp:term":[{"taxonomy":"category","embeddable":true,"href":"https:\/\/corrientesdetarde.com\/index.php\/wp-json\/wp\/v2\/categories?post=163301"},{"taxonomy":"post_tag","embeddable":true,"href":"https:\/\/corrientesdetarde.com\/index.php\/wp-json\/wp\/v2\/tags?post=163301"}],"curies":[{"name":"wp","href":"https:\/\/api.w.org\/{rel}","templated":true}]}}