{"id":163302,"date":"2024-09-02T09:10:38","date_gmt":"2024-09-02T12:10:38","guid":{"rendered":"https:\/\/corrientesdetarde.com\/?p=163302"},"modified":"2024-09-02T09:10:49","modified_gmt":"2024-09-02T12:10:49","slug":"encontraron-un-bebe-recien-nacido-abandonado-en-esteban-echeverria-la-drastica-decision-que-tomo-su-abuela","status":"publish","type":"post","link":"https:\/\/corrientesdetarde.com\/index.php\/politica\/encontraron-un-bebe-recien-nacido-abandonado-en-esteban-echeverria-la-drastica-decision-que-tomo-su-abuela\/","title":{"rendered":"Encontraron un beb\u00e9 reci\u00e9n nacido abandonado en Esteban Echeverr\u00eda: la dr\u00e1stica decisi\u00f3n que tom\u00f3 su abuela"},"content":{"rendered":"\n<p>Un\u00a0<strong>beb\u00e9 abandonado<\/strong>\u00a0fue encontrado este domingo al mediod\u00eda en el barrio San Carlos de la localidad de Monte Grande, partido de\u00a0Esteban Echeverr\u00eda. Ten\u00eda apenas un d\u00eda de vida, hab\u00eda nacido en una casa de la zona y fue encontrado por una bombera.<\/p>\n\n\n\n<p>El reci\u00e9n nacido fue encontrado en el cruce de<strong>\u00a0Pastor Luna y Rafael de Sanzio<\/strong>,del barrio 9 de abril, envuelto en una campera rosa, tirado sobre el pasto mojado por las lluvias de los \u00faltimos d\u00edas y sobre una peque\u00f1a pared de cemento. Una vecina, que se identific\u00f3 como\u00a0<strong>personal de Bomberos Voluntarios<\/strong>\u00a0de Esteban Echeverr\u00eda, lo alz\u00f3 en sus brazos, se subi\u00f3 al Chevrolet Corsa gris que manejaba su hermano y llam\u00f3 a la polic\u00eda.<\/p>\n\n\n\n<p>Cuando los polic\u00edas del Comando Patrulla de\u00a0Esteban Echeverr\u00eda\u00a0llegaron al lugar, la mujer les coment\u00f3 que\u00a0<strong>hab\u00eda llamado al SAME\u00a0<\/strong>para trasladar al beb\u00e9, pero desde la operadora le explicaron que no iban a enviar una ambulancia porque<strong>\u00a0no contaban con personal de neonatolog\u00eda.<\/strong><\/p>\n\n\n\n<p>Fue entonces que se decidi\u00f3 realizar un cord\u00f3n sanitario desde el lugar hasta el Hospital Santamarina de Monte Grande. La bombera llev\u00f3 al beb\u00e9 en sus brazos, custodiada por la Polic\u00eda Bonaerense, y lo entreg\u00f3 al neonat\u00f3logo de la guarda del centro de salud.<\/p>\n\n\n\n<p>Una&nbsp;<strong>bolsa de nylon proteg\u00eda el cord\u00f3n umbilical<\/strong>&nbsp;del reci\u00e9n nacido. Luego se inform\u00f3 que se trata de&nbsp;<strong>un var\u00f3n de poco m\u00e1s de 3 kilos que se encuentra estable&nbsp;<\/strong>y que ser\u00e1 sometido a diversos estudios en las pr\u00f3ximas horas.<\/p>\n\n\n\n<figure class=\"wp-block-image\"><img decoding=\"async\" src=\"https:\/\/tn.com.ar\/resizer\/v2\/el-bebe-estaba-envuelto-en-una-campera-rosa-y-fue-dejado-sobre-la-pared-de-una-casa-foto-gentileza-data-conurbano-I6AJ4JHMSJEKNA4TX5NMVPNM24.jpg?auth=573a721f5dd26179ad6d677be4ce2044785bf51bcd6ad2ed5c8ce4073384081e&amp;width=767\" alt=\"El beb\u00e9 estaba envuelto en una campera rosa y fue dejado sobre la pared de una casa. (Foto: gentileza Data Conurbano).\"\/><figcaption class=\"wp-element-caption\">El beb\u00e9 estaba envuelto en una campera rosa y fue dejado sobre la pared de una casa. (Foto: gentileza Data Conurbano).<\/figcaption><\/figure>\n\n\n\n<p>La causa fue tomada por la Unidad Fiscal de Instrucci\u00f3n y Juicio N\u00b03 Especializada en violencia familiar y de g\u00e9nero, abusos sexuales y delitos conexos a la trata de personas descentralizada\u00a0Esteban Echeverr\u00eda, a cargo de<strong>\u00a0Vanesa Gonz\u00e1lez.<\/strong><\/p>\n\n\n\n<p>Gonz\u00e1lez pidi\u00f3 que se le tome&nbsp;<strong>declaraci\u00f3n testimonial<\/strong>&nbsp;a todas las personas que hab\u00edan tenido contacto con el beb\u00e9 y al due\u00f1o de la casa en la que fue encontrado el beb\u00e9 reci\u00e9n nacido. Tambi\u00e9n pidi\u00f3 que vayan&nbsp;<strong>peritos&nbsp;<\/strong>al lugar del hallazgo, que<strong>&nbsp;se incaute de la ropa&nbsp;<\/strong>que ten\u00eda puesta la criatura y se&nbsp;<strong>analicen las c\u00e1maras&nbsp;<\/strong>de seguridad de la zona para dar con la persona que lo hab\u00eda abandonado.<\/p>\n\n\n\n<p>En paralelo, se dio\u00a0<strong>aviso a todos los hospitales de la zona\u00a0<\/strong>para que informen sobre si ingresaba alguna mujer que reci\u00e9n hab\u00eda parido con alg\u00fan inconveniente genital. Sin embargo, todas las medidas judiciales que se tomaron no hicieron falta para dar con la progenitora del beb\u00e9.<\/p>\n\n\n\n<p>Es que una mujer de 43 a\u00f1os se present\u00f3 en la Comisar\u00eda 3\u00b0 de Transradio junto a su hija de 24 a\u00f1os y denunci\u00f3 que&nbsp;<strong>la joven hab\u00eda abandonado en la v\u00eda p\u00fablica al beb\u00e9 que hab\u00eda dado a luz<\/strong>&nbsp;en su casa de la calle Emilio Zola, de la localidad de 9 de abril, a 12 cuadras del hallazgo.<\/p>\n\n\n\n<p>La fiscal dispuso que la joven quede aprehendida por el delito de&nbsp;<strong>abandono de persona agravado<\/strong>,que prev\u00e9 una pena que va desde los&nbsp;<strong>2 a\u00f1os y ocho meses a los 8 a\u00f1os de prisi\u00f3n<\/strong>, seg\u00fan indican los art\u00edculos 106 y 107 del C\u00f3digo Penal.<\/p>\n\n\n\n<p>La madre del reci\u00e9n nacido no qued\u00f3 detenida porque Gonz\u00e1lez&nbsp;<strong>solicit\u00f3 que sea asistida tanto ginecol\u00f3gicamente como psiqui\u00e1tricamente<\/strong>&nbsp;en el hospital Santamarina de Monte Grande, debido a que hab\u00eda dado a luz en su casa.<\/p>\n\n\n\n<p>Desde el centro de salud decidieron que<strong>&nbsp;quede internada durante algunos d\u00edas&nbsp;<\/strong>y, luego de la evaluaci\u00f3n de los psiquiatras, la fiscal determinar\u00e1 la fecha en la que ser\u00e1 indagada.<\/p>\n","protected":false},"excerpt":{"rendered":"<p>Un\u00a0beb\u00e9 abandonado\u00a0fue encontrado este domingo al mediod\u00eda en el barrio San Carlos de la localidad de Monte Grande, partido de\u00a0Esteban Echeverr\u00eda. Ten\u00eda apenas un d\u00eda de vida, hab\u00eda nacido en&hellip; <\/p>\n","protected":false},"author":12,"featured_media":163333,"comment_status":"closed","ping_status":"open","sticky":false,"template":"","format":"standard","meta":{"footnotes":""},"categories":[3],"tags":[],"class_list":["post-163302","post","type-post","status-publish","format-standard","has-post-thumbnail","hentry","category-politica"],"_links":{"self":[{"href":"https:\/\/corrientesdetarde.com\/index.php\/wp-json\/wp\/v2\/posts\/163302","targetHints":{"allow":["GET"]}}],"collection":[{"href":"https:\/\/corrientesdetarde.com\/index.php\/wp-json\/wp\/v2\/posts"}],"about":[{"href":"https:\/\/corrientesdetarde.com\/index.php\/wp-json\/wp\/v2\/types\/post"}],"author":[{"embeddable":true,"href":"https:\/\/corrientesdetarde.com\/index.php\/wp-json\/wp\/v2\/users\/12"}],"replies":[{"embeddable":true,"href":"https:\/\/corrientesdetarde.com\/index.php\/wp-json\/wp\/v2\/comments?post=163302"}],"version-history":[{"count":1,"href":"https:\/\/corrientesdetarde.com\/index.php\/wp-json\/wp\/v2\/posts\/163302\/revisions"}],"predecessor-version":[{"id":163334,"href":"https:\/\/corrientesdetarde.com\/index.php\/wp-json\/wp\/v2\/posts\/163302\/revisions\/163334"}],"wp:featuredmedia":[{"embeddable":true,"href":"https:\/\/corrientesdetarde.com\/index.php\/wp-json\/wp\/v2\/media\/163333"}],"wp:attachment":[{"href":"https:\/\/corrientesdetarde.com\/index.php\/wp-json\/wp\/v2\/media?parent=163302"}],"wp:term":[{"taxonomy":"category","embeddable":true,"href":"https:\/\/corrientesdetarde.com\/index.php\/wp-json\/wp\/v2\/categories?post=163302"},{"taxonomy":"post_tag","embeddable":true,"href":"https:\/\/corrientesdetarde.com\/index.php\/wp-json\/wp\/v2\/tags?post=163302"}],"curies":[{"name":"wp","href":"https:\/\/api.w.org\/{rel}","templated":true}]}}