{"id":163322,"date":"2024-09-02T09:25:45","date_gmt":"2024-09-02T12:25:45","guid":{"rendered":"https:\/\/corrientesdetarde.com\/?p=163322"},"modified":"2024-09-02T09:25:49","modified_gmt":"2024-09-02T12:25:49","slug":"garantizan-las-condiciones-en-el-predio-donde-se-instalaran-los-carritos-de-la-costanera","status":"publish","type":"post","link":"https:\/\/corrientesdetarde.com\/index.php\/sociales\/garantizan-las-condiciones-en-el-predio-donde-se-instalaran-los-carritos-de-la-costanera\/","title":{"rendered":"Garantizan las condiciones en el predio donde se instalar\u00e1n los carritos de la costanera"},"content":{"rendered":"\n<p>Tal como estaba previsto, durante el fin de semana se realiz\u00f3 el traslado de los carritos gastron\u00f3micos ubicados en Costanera Norte, y ahora deber\u00e1n instalarse en la zona del nuevo paseo Arazaty II. &#8220;Los carritos que tengan todo en condiciones ya pueden instalarse&#8221;, aseguro Valdemar Vatier, Subsecretario de Comercio de la comuna.<a href=\"https:\/\/api.whatsapp.com\/send?text=Garantizan%20las%20condiciones%20en%20el%20predio%20donde%20se%20instalar%C3%A1n%20los%20carritos%20de%20la%20costanera%20-%20https:\/\/www.diarioepoca.com\/1331122-garantizan-las-condiciones-en-el-predio-donde-se-instalaran-los-carritos-de-la-costanera?utm_source=WhatsApp%26utm_medium=WhatsApp%26utm_campaign=WhatsApp%26utm_term=WhatsApp\" target=\"_blank\" rel=\"noreferrer noopener\"><\/a><a href=\"https:\/\/www.diarioepoca.com\/1331122-la-municipalidad-de-corrientes-garantiza-las-condiciones-en-el-predio-donde-se-instalaran-los-carritos-de-la-costanera#\"><\/a><a href=\"https:\/\/www.diarioepoca.com\/1331122-la-municipalidad-de-corrientes-garantiza-las-condiciones-en-el-predio-donde-se-instalaran-los-carritos-de-la-costanera#\"><\/a><\/p>\n\n\n\n<p>Aunque en las \u00faltimas horas aparecieron quejas vecinales por el lugar donde temporalmente se ubicaron (por calles Padre Borgatti y Tom\u00e1s Edison) los carritos gastron\u00f3micos de la Costanera ya fueron retirados -en su mayor\u00eda- del tradicional paseo en virtud de lo establecido por la Municipalidad de Corrientes de removerlos al denominado Paseo Arazaty II (debajo del puente).<\/p>\n\n\n\n<p>&#8220;Ya se retiraron, y al menos tres de los carros ya cumplieron todo lo previsto y no tendr\u00e1n problemas de empezar a funcionar&#8221;, explic\u00f3 Valdemar Vatier.Previous<\/p>\n\n\n\n<p>El funcionario municipal explic\u00f3 que &#8220;\u00e9ste proceso ya viene desde 2020. A los empresarios se les inform\u00f3 sobre las condiciones a cumplir y muchos ya lo hicieron. En el nuevo paseo solo falta habilitar los ba\u00f1os, que eso se har\u00e1 en las proximas horas&#8221;<\/p>\n\n\n\n<p>Vatier reconoci\u00f3 la molestia vecinal por el lugar donde ahora est\u00e1n ubicados, en pleno barrio Camba Cu\u00e1: &#8220;ellos instalaron ah\u00ed provisoriamente. Si no los retira volveremos a intimarlos&#8221;<\/p>\n","protected":false},"excerpt":{"rendered":"<p>Tal como estaba previsto, durante el fin de semana se realiz\u00f3 el traslado de los carritos gastron\u00f3micos ubicados en Costanera Norte, y ahora deber\u00e1n instalarse en la zona del nuevo&hellip; <\/p>\n","protected":false},"author":12,"featured_media":163337,"comment_status":"closed","ping_status":"open","sticky":false,"template":"","format":"standard","meta":{"footnotes":""},"categories":[17],"tags":[],"class_list":["post-163322","post","type-post","status-publish","format-standard","has-post-thumbnail","hentry","category-sociales"],"_links":{"self":[{"href":"https:\/\/corrientesdetarde.com\/index.php\/wp-json\/wp\/v2\/posts\/163322","targetHints":{"allow":["GET"]}}],"collection":[{"href":"https:\/\/corrientesdetarde.com\/index.php\/wp-json\/wp\/v2\/posts"}],"about":[{"href":"https:\/\/corrientesdetarde.com\/index.php\/wp-json\/wp\/v2\/types\/post"}],"author":[{"embeddable":true,"href":"https:\/\/corrientesdetarde.com\/index.php\/wp-json\/wp\/v2\/users\/12"}],"replies":[{"embeddable":true,"href":"https:\/\/corrientesdetarde.com\/index.php\/wp-json\/wp\/v2\/comments?post=163322"}],"version-history":[{"count":1,"href":"https:\/\/corrientesdetarde.com\/index.php\/wp-json\/wp\/v2\/posts\/163322\/revisions"}],"predecessor-version":[{"id":163338,"href":"https:\/\/corrientesdetarde.com\/index.php\/wp-json\/wp\/v2\/posts\/163322\/revisions\/163338"}],"wp:featuredmedia":[{"embeddable":true,"href":"https:\/\/corrientesdetarde.com\/index.php\/wp-json\/wp\/v2\/media\/163337"}],"wp:attachment":[{"href":"https:\/\/corrientesdetarde.com\/index.php\/wp-json\/wp\/v2\/media?parent=163322"}],"wp:term":[{"taxonomy":"category","embeddable":true,"href":"https:\/\/corrientesdetarde.com\/index.php\/wp-json\/wp\/v2\/categories?post=163322"},{"taxonomy":"post_tag","embeddable":true,"href":"https:\/\/corrientesdetarde.com\/index.php\/wp-json\/wp\/v2\/tags?post=163322"}],"curies":[{"name":"wp","href":"https:\/\/api.w.org\/{rel}","templated":true}]}}