{"id":163324,"date":"2024-09-02T09:04:57","date_gmt":"2024-09-02T12:04:57","guid":{"rendered":"https:\/\/corrientesdetarde.com\/?p=163324"},"modified":"2024-09-02T09:05:01","modified_gmt":"2024-09-02T12:05:01","slug":"milei-se-reune-con-la-uia-en-medio-del-debate-de-la-reforma-laboral-y-las-dudas-por-la-caida-de-la-actividad","status":"publish","type":"post","link":"https:\/\/corrientesdetarde.com\/index.php\/politica\/milei-se-reune-con-la-uia-en-medio-del-debate-de-la-reforma-laboral-y-las-dudas-por-la-caida-de-la-actividad\/","title":{"rendered":"Milei se re\u00fane con la UIA en medio del debate de la reforma laboral y las dudas por la ca\u00edda de la actividad"},"content":{"rendered":"\n<p>El presidente<strong>\u00a0Javier Milei\u00a0visitar\u00e1\u00a0<\/strong>este\u00a0<strong>lunes\u00a0<\/strong>la sede de la\u00a0<strong>Uni\u00f3n Industrial Argentina (UIA)<\/strong>\u00a0para encabezar el acto por el<strong>\u00a0D\u00eda de la Industria<\/strong>. Mientras el sector empresario se impacienta y pide acelerar algunas definiciones, como la<strong>\u00a0reglamentaci\u00f3n de la reforma laboral incluida en la Ley Bases<\/strong>, espera que el Presidente haga alg\u00fan\u00a0<strong>anuncio vinculado con la reactivaci\u00f3n del sector productivo.<\/strong><\/p>\n\n\n\n<p>El evento est\u00e1 previsto para las 10.30, en la sede empresaria de Avenida de Mayo 1147.\u00a0<strong>Milei ser\u00e1 el principal orador\u00a0<\/strong>y la\u00a0<strong>apertura\u00a0<\/strong>del evento estar\u00e1 en manos del presidente de la UIA,\u00a0<strong>Daniel Funes de Rioja.<\/strong><\/p>\n\n\n\n<p>El sector empresario&nbsp;<strong>acompa\u00f1a el rumbo del plan econ\u00f3mico de Milei<\/strong>&nbsp;y se lo ratificar\u00e1 este lunes, pero ve se\u00f1ales de alerta respecto de la&nbsp;<strong>demora en la salida de la recesi\u00f3n&nbsp;<\/strong>y reclama acelerar los tiempos de las reformas.<\/p>\n\n\n\n<h2 class=\"wp-block-heading\">El sector empresario empieza a pedir se\u00f1ales a Miei<\/h2>\n\n\n\n<p>El evento coincide con la oficializaci\u00f3n de<strong>&nbsp;la baja de 10 puntos en el Impuesto PAIS&nbsp;<\/strong>para las importaciones que el ministro de Econom\u00eda, Luis Caputo, hab\u00eda subido al inicio de su gesti\u00f3n y volver\u00e1 al 7,5% que hab\u00eda dejado su antecesor, Sergio Massa. La medida ser\u00e1 celebradaen la sede de la central empresaria, al igual que el<strong>&nbsp;R\u00e9gimen de Incentivo para Grandes Inversiones<\/strong>&nbsp;(RIGI), que se aprob\u00f3 dentro de la Ley Bases. De todos modos, para la eliminaci\u00f3n definitiva del Impuesto PAIS, habr\u00e1 que esperar al \u00faltimo mes del a\u00f1o.<\/p>\n\n\n\n<p>Sin embargo, son varios los<strong>&nbsp;temas pendientes&nbsp;<\/strong>que el sector productivo tiene para reclamarle al Presidente, pero<strong>&nbsp;no se espera un clima hostil&nbsp;<\/strong>durante su visita, m\u00e1s bien todo lo contrario.<\/p>\n\n\n\n<p>Seg\u00fan el \u00faltimo informe del Centro de Estudios de la UIA,<strong>&nbsp;la actividad industrial cay\u00f3 19,5% en junio y acumul\u00f3 13 meses consecutivos en baja<\/strong>. En el sexto mes del a\u00f1o marc\u00f3 un retroceso mensual del 5,7%.<\/p>\n\n\n\n<figure class=\"wp-block-image\"><img decoding=\"async\" src=\"https:\/\/tn.com.ar\/resizer\/v2\/daniel-funes-de-rioja-presidente-de-la-uia-abrira-el-acto-por-el-dia-de-la-industria-que-encabezara-el-presidente-javier-milei-foto-na-LFCUNFAEFFHG5BBIVHQ7FQ5CGY.jpg?auth=a62ab7c16136003f17225a8cb94b4f2407718db7386bad20b45a5782a36768f2&amp;width=767\" alt=\"Daniel Funes de Rioja, presidente de la UIA, abrir\u00e1 el acto por el D\u00eda de la Industria, que encabezar\u00e1 el presidente Javier Milei (Foto: NA).\"\/><figcaption class=\"wp-element-caption\">Daniel Funes de Rioja, presidente de la UIA, abrir\u00e1 el acto por el D\u00eda de la Industria, que encabezar\u00e1 el presidente Javier Milei (Foto: NA).<\/figcaption><\/figure>\n\n\n\n<p>Desde la entidad estimaron que los<strong>\u00a0datos anticipados de julio podr\u00edan mostrar \u201cque se habr\u00edan moderado las bajas interanuales\u201d y que hubo una \u201cmejora heterog\u00e9nea\u00a0<\/strong>desde los bajos niveles del mes anterior\u201d. \u201cSe estima que el tercer trimestre podr\u00eda exhibir una morigeraci\u00f3n en la ca\u00edda anual y una mejora en comparaci\u00f3n con el segundo trimestre\u201d, precis\u00f3 el informe.<\/p>\n\n\n\n<p>Con<strong>&nbsp;ese esp\u00edritu llegar\u00e1 Milei a visitar la sede la entidad,&nbsp;<\/strong>en un d\u00eda emblem\u00e1tico para el sector productivo, mientras negocia la letra chica de la reforma laboral con el sector de los trabajadores.<\/p>\n\n\n\n<p>En el sector pyme, las expectativas no son las mismas. Seg\u00fan el informe de la Confederaci\u00f3n Argentina de la Mediana Empresa (<strong>CAME<\/strong>)<strong>&nbsp;la actividad manufacturera cay\u00f3 un 17,8% en julio&nbsp;<\/strong>respecto del mismo mes del 2023 y acumul\u00f3 ocho meses en baja.<\/p>\n","protected":false},"excerpt":{"rendered":"<p>El presidente\u00a0Javier Milei\u00a0visitar\u00e1\u00a0este\u00a0lunes\u00a0la sede de la\u00a0Uni\u00f3n Industrial Argentina (UIA)\u00a0para encabezar el acto por el\u00a0D\u00eda de la Industria. Mientras el sector empresario se impacienta y pide acelerar algunas definiciones, como la\u00a0reglamentaci\u00f3n&hellip; <\/p>\n","protected":false},"author":12,"featured_media":163327,"comment_status":"closed","ping_status":"open","sticky":false,"template":"","format":"standard","meta":{"footnotes":""},"categories":[3],"tags":[],"class_list":["post-163324","post","type-post","status-publish","format-standard","has-post-thumbnail","hentry","category-politica"],"_links":{"self":[{"href":"https:\/\/corrientesdetarde.com\/index.php\/wp-json\/wp\/v2\/posts\/163324","targetHints":{"allow":["GET"]}}],"collection":[{"href":"https:\/\/corrientesdetarde.com\/index.php\/wp-json\/wp\/v2\/posts"}],"about":[{"href":"https:\/\/corrientesdetarde.com\/index.php\/wp-json\/wp\/v2\/types\/post"}],"author":[{"embeddable":true,"href":"https:\/\/corrientesdetarde.com\/index.php\/wp-json\/wp\/v2\/users\/12"}],"replies":[{"embeddable":true,"href":"https:\/\/corrientesdetarde.com\/index.php\/wp-json\/wp\/v2\/comments?post=163324"}],"version-history":[{"count":1,"href":"https:\/\/corrientesdetarde.com\/index.php\/wp-json\/wp\/v2\/posts\/163324\/revisions"}],"predecessor-version":[{"id":163328,"href":"https:\/\/corrientesdetarde.com\/index.php\/wp-json\/wp\/v2\/posts\/163324\/revisions\/163328"}],"wp:featuredmedia":[{"embeddable":true,"href":"https:\/\/corrientesdetarde.com\/index.php\/wp-json\/wp\/v2\/media\/163327"}],"wp:attachment":[{"href":"https:\/\/corrientesdetarde.com\/index.php\/wp-json\/wp\/v2\/media?parent=163324"}],"wp:term":[{"taxonomy":"category","embeddable":true,"href":"https:\/\/corrientesdetarde.com\/index.php\/wp-json\/wp\/v2\/categories?post=163324"},{"taxonomy":"post_tag","embeddable":true,"href":"https:\/\/corrientesdetarde.com\/index.php\/wp-json\/wp\/v2\/tags?post=163324"}],"curies":[{"name":"wp","href":"https:\/\/api.w.org\/{rel}","templated":true}]}}