{"id":163325,"date":"2024-09-02T09:07:27","date_gmt":"2024-09-02T12:07:27","guid":{"rendered":"https:\/\/corrientesdetarde.com\/?p=163325"},"modified":"2024-09-02T09:07:31","modified_gmt":"2024-09-02T12:07:31","slug":"nicole-neumann-mostro-una-imagen-inedita-de-su-hijo-cruz-junto-a-manu-urcera-y-dejo-en-shock-a-todos","status":"publish","type":"post","link":"https:\/\/corrientesdetarde.com\/index.php\/espectaculos\/nicole-neumann-mostro-una-imagen-inedita-de-su-hijo-cruz-junto-a-manu-urcera-y-dejo-en-shock-a-todos\/","title":{"rendered":"Nicole Neumann mostr\u00f3 una imagen in\u00e9dita de su hijo Cruz junto a Manu Urcera y dej\u00f3 en shock a todos"},"content":{"rendered":"\n<p>Las vacaciones de invierno de\u00a0<strong>Nicole Neumann<\/strong>\u00a0en este 2024 quedar\u00e1n para siempre en su memoria porque son las primeras que tiene junto a las tres hijas que tuvo con\u00a0<strong>Fabi\u00e1n Cubero<\/strong>\u00a0y a\u00a0<strong>Cruz,\u00a0<\/strong>el nuevo integrante de la familia que form\u00f3 con\u00a0<strong>Manu Urcera<\/strong>.<\/p>\n\n\n\n<p>Desde que lleg\u00f3 a San Mart\u00edn de los Andes, la modelo\u00a0<strong>viene publicando im\u00e1genes de lo bien que la est\u00e1n pasando en familia\u00a0<\/strong>y, este fin de semana, sum\u00f3 una postal in\u00e9dita que derriti\u00f3 a sus seguidores.<\/p>\n\n\n\n<p>Se trata de una imagen en la que&nbsp;<strong>el automovilista aparece junto a su beb\u00e9&nbsp;<\/strong>en una posici\u00f3n muy particular que Nicole expuso en su cuenta de Instagram y sorprendi\u00f3 a sus&nbsp;<em>followers<\/em>. \u201cAlguna escapadita de la caba\u00f1a para volver corriendo me di. No se pierdan el&nbsp;<em>new born scrunch<\/em>&nbsp;de Cruz al final.<strong>&nbsp;Muero de amor. \u00bfTiene nombre en espa\u00f1ol?\u201d<\/strong>, pregunt\u00f3.<\/p>\n\n\n\n<figure class=\"wp-block-image\"><img decoding=\"async\" src=\"https:\/\/tn.com.ar\/resizer\/v2\/nicole-neumann-compartio-una-foto-de-manu-urcera-junto-a-su-hijo-cruz-foto-instagramnikitaneumannoficial-S6KSPS2IDJGEXHHIG3AXAZ5JQ4.JPG?auth=ffb0721b504152cfb23c70bf45080a24660bcc20521e8dee201710142de77a99&amp;width=767\" alt=\"Nicole Neumann comparti\u00f3 una foto de Manu Urcera junto a su hijo Cruz. (Foto: Instagram\/nikitaneumannoficial)\"\/><figcaption class=\"wp-element-caption\">Nicole Neumann comparti\u00f3 una foto de Manu Urcera junto a su hijo Cruz. (Foto: Instagram\/nikitaneumannoficial)<\/figcaption><\/figure>\n\n\n\n<p>Inmediatamente, una de sus seguidoras arriesg\u00f3 una respuesta. \u201c<strong>Beb\u00e9 estrujado.<\/strong>&nbsp;Imitan la posici\u00f3n fetal que tuvieron durante nueve meses en el \u00fatero. Con el tiempo dejan de hacerlo. Es un movimiento reflejo\u201d, lanz\u00f3.<\/p>\n\n\n\n<p>Luego, sobrevinieron todos comentarios de amor frente a la dulzura de la foto.<strong>&nbsp;\u201c\u00a1Qu\u00e9 ternurita ese chanchito hermoso!\u201d;&nbsp;<\/strong>\u201cEst\u00e1 hermoso Cruz\u201d; \u201cC\u00f3mo creci\u00f3 tan r\u00e1pido\u201d, fueron algunos de los mensajes.<\/p>\n\n\n\n<h2 class=\"wp-block-heading\">Qu\u00e9 foto levant\u00f3 cr\u00edticas de Nicole Neumann y su hijo Cruz<\/h2>\n\n\n\n<p>La semana pasada Nicole hab\u00eda compartido una imagen de su hijo que hab\u00eda despertado cr\u00edticas. Era una postal en la que a su beb\u00e9 no se le ve\u00eda la cara. Desde que naci\u00f3, la modelo cuida cada momento \u00edntimo que muestra y le tapa la cara a Cruz con&nbsp;<strong>un emoji de un osito.<\/strong><\/p>\n\n\n\n<p>Esta intervenci\u00f3n digital que hizo la influencer&nbsp;<strong>no cay\u00f3 bien en muchos de seguidores,<\/strong>&nbsp;aunque otra gran cantidad de&nbsp;<em>followers&nbsp;<\/em>defendieron con u\u00f1as y dientes la decisi\u00f3n que tom\u00f3.<\/p>\n\n\n\n<figure class=\"wp-block-image\"><img decoding=\"async\" src=\"https:\/\/tn.com.ar\/resizer\/v2\/nicole-neumann-y-su-hijo-cruz-en-san-martin-de-los-andes-foto-instagramnikitaneumannoficial-U7NZD2IQYFCY7I4RPF6DYDY7Y4.JPG?auth=6fb830d0162d029e4582550b95ab2a83f22542a142aa7a8b11fdfa48129b4771&amp;width=767\" alt=\"Nicole Neumann y su hijo Cruz, en San Mart\u00edn de los Andes. (Foto: Instagram\/nikitaneumannoficial)\"\/><figcaption class=\"wp-element-caption\">Nicole Neumann y su hijo Cruz, en San Mart\u00edn de los Andes. (Foto: Instagram\/nikitaneumannoficial)<\/figcaption><\/figure>\n\n\n\n<p><strong>\u201cMostr\u00f3 toda su vida y ahora oculta a su ni\u00f1o\u201d<\/strong>; \u201cQu\u00e9 foto m\u00e1s rid\u00edcula\u201d; \u201cSacale ese oso de la cara y sino no muestres las fotos\u201d; \u201cDios, le tapa siempre la cara y despu\u00e9s est\u00e1 en p\u00fablico exponi\u00e9ndolo\u201d; \u201cMejor ni le saques fotos si le vas a tapar la cara\u201d; \u201cSigue con la misma idiotez, tapando la cara del beb\u00e9\u201d; fueron algunos de los mensajes de&nbsp;<em>haters<\/em>.<\/p>\n\n\n\n<p>Desde el otro lado del \u201cdebate\u201d que se arm\u00f3 en su perfil de Instagram, muchos salieron a cruzar estos mensajes. \u201cNo lo muestra porque respeta la decisi\u00f3n de Manu. Dejen de ser tan metidas\u201d; \u201c<strong>\u00bfPara qu\u00e9 quieren fotos del beb\u00e9? \u00bfPara criticarlo tambi\u00e9n?\u201d;<\/strong>&nbsp;\u201cRespeten a la madre que es due\u00f1a de la integridad de su beb\u00e9\u201d; \u201cLo decidi\u00f3 el padre, no mostrar la carita del nene. Respeten y no jodan\u201d; fueron varios de los comentarios en favor de Nicole.<\/p>\n\n\n\n<p>El jueves hab\u00eda sucedido algo similar. Ese d\u00eda, una seguidora de Nicole<strong>&nbsp;hab\u00eda lanzado un comentario agresivo hacia su condici\u00f3n de mam\u00e1&nbsp;<\/strong>luego de una instant\u00e1nea en la que se la ve\u00eda junto a su beb\u00e9 en la nieve.<\/p>\n\n\n\n<figure class=\"wp-block-image\"><img decoding=\"async\" src=\"https:\/\/tn.com.ar\/resizer\/v2\/nicole-neumann-y-su-hijo-cruz-en-san-martin-de-los-andes-foto-instagramnikitaneumannoficial-MMTHMYHOVFHONO2Y44KSAJYUBE.JPG?auth=fae68f1719a6f2be01bd30886fcd090424e5d4553a655706fcbd845b6a69c696&amp;width=767\" alt=\"Nicole Neumann y su hijo Cruz, en San Mart\u00edn de los Andes. (Foto: Instagram\/nikitaneumannoficial)\"\/><figcaption class=\"wp-element-caption\">Nicole Neumann y su hijo Cruz, en San Mart\u00edn de los Andes. (Foto: Instagram\/nikitaneumannoficial)<\/figcaption><\/figure>\n\n\n\n<p>\u201cQue en este momento lo menos importante es tu cuerpo.\u00a0<strong>Ten\u00e9s un hijo que expon\u00e9s a temperaturas extremas de fr\u00edo, sin necesidad.\u00a0<\/strong>Las madres normales y diosas a sub tiempo, profesionales que trabajamos de sol a sol no somos as\u00ed. \u00bfSeremos de otro planeta?\u201d, lanz\u00f3 la\u00a0<em>follower<\/em>, que, a su vez, recibi\u00f3 comentarios negativos de quienes apoyan a Nicole.<\/p>\n\n\n\n<p>\u201cSi, del planeta llamado ENVIDIA\u201d;&nbsp;<strong>\u201cNo se muerda la lengua se\u00f1ora porque morir\u00e1 con su propio veneno\u201d;<\/strong>&nbsp;\u201cTu energ\u00eda es muy oscura y nada saludable\u201d; \u201cSe\u00f1ora, de qu\u00e9 habla\u201d; fueron varios de los mensajes que recibi\u00f3 la&nbsp;<em>hater<\/em>.<\/p>\n","protected":false},"excerpt":{"rendered":"<p>Las vacaciones de invierno de\u00a0Nicole Neumann\u00a0en este 2024 quedar\u00e1n para siempre en su memoria porque son las primeras que tiene junto a las tres hijas que tuvo con\u00a0Fabi\u00e1n Cubero\u00a0y a\u00a0Cruz,\u00a0el&hellip; <\/p>\n","protected":false},"author":12,"featured_media":163329,"comment_status":"closed","ping_status":"open","sticky":false,"template":"","format":"standard","meta":{"footnotes":""},"categories":[19],"tags":[],"class_list":["post-163325","post","type-post","status-publish","format-standard","has-post-thumbnail","hentry","category-espectaculos"],"_links":{"self":[{"href":"https:\/\/corrientesdetarde.com\/index.php\/wp-json\/wp\/v2\/posts\/163325","targetHints":{"allow":["GET"]}}],"collection":[{"href":"https:\/\/corrientesdetarde.com\/index.php\/wp-json\/wp\/v2\/posts"}],"about":[{"href":"https:\/\/corrientesdetarde.com\/index.php\/wp-json\/wp\/v2\/types\/post"}],"author":[{"embeddable":true,"href":"https:\/\/corrientesdetarde.com\/index.php\/wp-json\/wp\/v2\/users\/12"}],"replies":[{"embeddable":true,"href":"https:\/\/corrientesdetarde.com\/index.php\/wp-json\/wp\/v2\/comments?post=163325"}],"version-history":[{"count":1,"href":"https:\/\/corrientesdetarde.com\/index.php\/wp-json\/wp\/v2\/posts\/163325\/revisions"}],"predecessor-version":[{"id":163330,"href":"https:\/\/corrientesdetarde.com\/index.php\/wp-json\/wp\/v2\/posts\/163325\/revisions\/163330"}],"wp:featuredmedia":[{"embeddable":true,"href":"https:\/\/corrientesdetarde.com\/index.php\/wp-json\/wp\/v2\/media\/163329"}],"wp:attachment":[{"href":"https:\/\/corrientesdetarde.com\/index.php\/wp-json\/wp\/v2\/media?parent=163325"}],"wp:term":[{"taxonomy":"category","embeddable":true,"href":"https:\/\/corrientesdetarde.com\/index.php\/wp-json\/wp\/v2\/categories?post=163325"},{"taxonomy":"post_tag","embeddable":true,"href":"https:\/\/corrientesdetarde.com\/index.php\/wp-json\/wp\/v2\/tags?post=163325"}],"curies":[{"name":"wp","href":"https:\/\/api.w.org\/{rel}","templated":true}]}}